{"id":7224,"date":"2019-09-27T14:45:59","date_gmt":"2019-09-27T12:45:59","guid":{"rendered":"https:\/\/websites.fraunhofer.de\/staedtische-agrikultur\/?p=7224"},"modified":"2019-10-02T14:54:59","modified_gmt":"2019-10-02T12:54:59","slug":"sain-projekt-poster-auf-der-forschungsflaeche-des-dachgewaechshauses","status":"publish","type":"post","link":"https:\/\/staedtische-agrikultur.de\/index.php\/sain-projekt-poster-auf-der-forschungsflaeche-des-dachgewaechshauses\/","title":{"rendered":"SAIN Projekt Poster auf der Forschungsfl\u00e4che des Dachgew\u00e4chshauses"},"content":{"rendered":"<p>[et_pb_section fb_built=&#8220;1&#8243; _builder_version=&#8220;3.22.7&#8243; background_color=&#8220;#604a7b&#8220; custom_padding=&#8220;40px|0px|40px|0px|false|false&#8220; fb_built=&#8220;1&#8243; bb_built=&#8220;1&#8243; _i=&#8220;0&#8243; _address=&#8220;0&#8243;][et_pb_row column_structure=&#8220;1_2,1_2&#8243; module_class=&#8220; et_pb_row_fullwidth et_pb_row_fullwidth et_pb_row_fullwidth&#8220; _builder_version=&#8220;3.25&#8243; width=&#8220;89%&#8220; width_tablet=&#8220;80%&#8220; width_last_edited=&#8220;on|desktop&#8220; max_width=&#8220;89%&#8220; max_width_tablet=&#8220;80%&#8220; max_width_last_edited=&#8220;on|desktop&#8220; custom_padding=&#8220;0|0|0|0|false|false&#8220; make_fullwidth=&#8220;on&#8220; _i=&#8220;0&#8243; _address=&#8220;0.0&#8243;][et_pb_column type=&#8220;1_2&#8243; _builder_version=&#8220;3.25&#8243; custom_padding=&#8220;|||&#8220; _i=&#8220;0&#8243; _address=&#8220;0.0.0&#8243; custom_padding__hover=&#8220;|||&#8220;][et_pb_text _builder_version=&#8220;3.29.3&#8243; text_text_color=&#8220;#ffffff&#8220; header_text_color=&#8220;#ffffff&#8220; saved_tabs=&#8220;all&#8220; _i=&#8220;0&#8243; _address=&#8220;0.0.0.0&#8243;]<\/p>\n<h4>Einweihung des integrierten Dachgew\u00e4chshauses in Oberhausen am Altmarkt <\/h4>\n<p>[\/et_pb_text][et_pb_text _builder_version=&#8220;3.29.3&#8243; background_size=&#8220;initial&#8220; background_position=&#8220;top_left&#8220; background_repeat=&#8220;repeat&#8220; custom_padding=&#8220;0px|||||&#8220; link_option_url_new_window=&#8220;on&#8220; _i=&#8220;1&#8243; _address=&#8220;0.0.0.1&#8243;]<\/p>\n<p>Fotos: Simone Krause, Fraunhofer UMSICHT<\/p>\n<p>Am 26. September wurde das integrierte Dachgew\u00e4chshaus in Oberhausen am Altmarkt eingeweiht.<\/p>\n<p>Auf ca. 1000 qm werden Lebensmittel in unterschiedlichen Kultivierungssystemen und Klimakammern angebaut. 160 qm davon werden f\u00fcr die Forschung und Entwicklung genutzt.<\/p>\n<p>Zu diesem Zweck wurde ein Wissenschaftssymposium an dem Tag von Fraunhofer UMSICHT realisiert wie auch die FuE Fl\u00e4che f\u00fcr diesen Tag von Fraunhofer UMSICHT gestaltet. Projekte zum Themenfeld &#8222;urbane Lebensmittelproduktion&#8220;, u. a. das SAIN Projekt, schm\u00fcckten die Forschungsfl\u00e4che.\u00a0 Um die 250 Besucher wurden durch das Dachgew\u00e4chshaus gef\u00fchrt und erhielten einen \u00dcberblick \u00fcber die Einzigartigkeit des Geb\u00e4udes. Einzigartig deshalb, da die Stoffstr\u00f6me aus dem Haus, d. h. dem Jobcenter unter dem Dachgew\u00e4chshaus, als Ressource f\u00fcr das Dachgew\u00e4chshaus genommen werden. Abw\u00e4rme aus u. a. den K\u00fcchen wird in das Dachgew\u00e4chshaus gef\u00fchrt, Abwasser (Grauwasser) wird aufbereitet und f\u00fcr die Bew\u00e4sserung von Nonfood Pflanzen genutzt und Regenwasser wird f\u00fcr die Bew\u00e4sserung der Lebensmittelpflanzen gesammelt. Weitere Synergiennutzungen u. a. von CO2 usw. sind mittelfristig vorgesehen.\u200b<\/p>\n<p>Informationen zu dem Projekt finden sich unter: <a href=\"http:\/\/www.altmarktgarten-oberhausen.de\" target=\"_blank\" rel=\"noopener noreferrer\"><strong>www.altmarktgarten-oberhausen.de<\/strong><\/a> und<strong> <a href=\"http:\/\/www.infarming.de\" target=\"_blank\" rel=\"noopener noreferrer\">www.infarming.de<\/a>.<\/strong><\/p>\n<p>&nbsp;<\/p>\n<p>&nbsp;<\/p>\n<p>[\/et_pb_text][\/et_pb_column][et_pb_column type=&#8220;1_2&#8243; _builder_version=&#8220;3.25&#8243; custom_padding=&#8220;|||&#8220; _i=&#8220;1&#8243; _address=&#8220;0.0.1&#8243; custom_padding__hover=&#8220;|||&#8220;][et_pb_gallery gallery_ids=&#8220;7264,7261,7258,7266,7260,7262,7259&#8243; show_title_and_caption=&#8220;off&#8220; show_pagination=&#8220;off&#8220; zoom_icon_color=&#8220;#ffffff&#8220; hover_overlay_color=&#8220;rgba(0,0,0,0)&#8220; hover_icon=&#8220;%%15%%&#8220; _builder_version=&#8220;3.29.3&#8243; _i=&#8220;0&#8243; _address=&#8220;0.0.1.0&#8243;][\/et_pb_gallery][et_pb_text _builder_version=&#8220;3.27.4&#8243; text_text_color=&#8220;#ffffff&#8220; header_text_color=&#8220;#ffffff&#8220; z_index_tablet=&#8220;500&#8243; saved_tabs=&#8220;all&#8220; _i=&#8220;1&#8243; _address=&#8220;0.0.1.1&#8243;]<\/p>\n<h4>Weiterf\u00fchrende Links<\/h4>\n<p>[\/et_pb_text][et_pb_divider divider_position=&#8220;center&#8220; divider_weight=&#8220;4px&#8220; _builder_version=&#8220;3.2&#8243; height=&#8220;10px&#8220; saved_tabs=&#8220;all&#8220; _i=&#8220;2&#8243; _address=&#8220;0.0.1.2&#8243;][\/et_pb_divider][et_pb_blurb title=&#8220;umsicht.fraunhofer.de&#8220; url=&#8220;https:\/\/www.umsicht.fraunhofer.de\/de\/presse-medien\/pressemitteilungen\/2019\/einweihung-altmarktgarten-oberhausen.html&#8220; url_new_window=&#8220;on&#8220; use_icon=&#8220;on&#8220; font_icon=&#8220;%%119%%&#8220; icon_placement=&#8220;left&#8220; content_max_width=&#8220;1000px&#8220; image_max_width_last_edited=&#8220;on|desktop&#8220; content_max_width_last_edited=&#8220;on|desktop&#8220; _builder_version=&#8220;3.29.3&#8243; header_font=&#8220;||||||||&#8220; header_text_color=&#8220;#ffffff&#8220; header_font_size=&#8220;24px&#8220; header_line_height=&#8220;1.2em&#8220; body_font=&#8220;Comfortaa||||&#8220; body_text_align=&#8220;left&#8220; body_text_color=&#8220;#000000&#8243; max_width_last_edited=&#8220;on|desktop&#8220; module_alignment=&#8220;right&#8220; custom_margin=&#8220;0px|||&#8220; custom_padding=&#8220;0px|||&#8220; animation_style=&#8220;fold&#8220; saved_tabs=&#8220;all&#8220; _i=&#8220;3&#8243; _address=&#8220;0.0.1.3&#8243;][\/et_pb_blurb][et_pb_blurb title=&#8220;almarktgarten-oberhausen.de&#8220; url=&#8220;https:\/\/www.altmarktgarten-oberhausen.de\/2019\/09\/1169&#8243; url_new_window=&#8220;on&#8220; use_icon=&#8220;on&#8220; font_icon=&#8220;%%119%%&#8220; icon_placement=&#8220;left&#8220; content_max_width=&#8220;1000px&#8220; image_max_width_last_edited=&#8220;on|desktop&#8220; content_max_width_last_edited=&#8220;on|desktop&#8220; _builder_version=&#8220;3.29.3&#8243; header_font=&#8220;||||||||&#8220; header_text_color=&#8220;#ffffff&#8220; header_font_size=&#8220;24px&#8220; header_line_height=&#8220;1.2em&#8220; body_font=&#8220;Comfortaa||||&#8220; body_text_align=&#8220;left&#8220; body_text_color=&#8220;#000000&#8243; max_width_last_edited=&#8220;on|desktop&#8220; module_alignment=&#8220;right&#8220; custom_margin=&#8220;0px|||&#8220; custom_padding=&#8220;0px|||&#8220; animation_style=&#8220;fold&#8220; saved_tabs=&#8220;all&#8220; _i=&#8220;4&#8243; _address=&#8220;0.0.1.4&#8243;][\/et_pb_blurb][et_pb_blurb title=&#8220;Zum Kontaktformular&#8220; url=&#8220;https:\/\/staedtische-agrikultur.de\/index.php\/kontakt&#8220; use_icon=&#8220;on&#8220; font_icon=&#8220;%%75%%&#8220; icon_placement=&#8220;left&#8220; content_max_width=&#8220;1000px&#8220; image_max_width_last_edited=&#8220;on|desktop&#8220; content_max_width_last_edited=&#8220;on|desktop&#8220; _builder_version=&#8220;3.17.6&#8243; header_font=&#8220;||||||||&#8220; header_text_color=&#8220;#ffffff&#8220; header_font_size=&#8220;24px&#8220; header_line_height=&#8220;1.2em&#8220; body_font=&#8220;Comfortaa||||&#8220; body_text_align=&#8220;left&#8220; body_text_color=&#8220;#000000&#8243; max_width_last_edited=&#8220;on|desktop&#8220; module_alignment=&#8220;right&#8220; custom_margin=&#8220;0px|||&#8220; custom_padding=&#8220;0px|||&#8220; animation_style=&#8220;fold&#8220; saved_tabs=&#8220;all&#8220; _i=&#8220;5&#8243; _address=&#8220;0.0.1.5&#8243;]<br \/>\n[\/et_pb_blurb][\/et_pb_column][\/et_pb_row][\/et_pb_section]<\/p>\n","protected":false},"excerpt":{"rendered":"<p>Einweihung des integrierten Dachgew\u00e4chshauses in Oberhausen am Altmarkt Fotos: Simone Krause, Fraunhofer UMSICHT Am 26. September wurde das integrierte Dachgew\u00e4chshaus in Oberhausen am Altmarkt eingeweiht. Auf ca. 1000 qm werden Lebensmittel in unterschiedlichen Kultivierungssystemen und Klimakammern angebaut. 160 qm davon werden f\u00fcr die Forschung und Entwicklung genutzt. Zu diesem Zweck wurde ein Wissenschaftssymposium an dem [&hellip;]<\/p>\n","protected":false},"author":2,"featured_media":7234,"comment_status":"closed","ping_status":"closed","sticky":false,"template":"","format":"standard","meta":{"_et_pb_use_builder":"on","_et_pb_old_content":"","_et_gb_content_width":"","footnotes":""},"categories":[4],"tags":[],"class_list":["post-7224","post","type-post","status-publish","format-standard","has-post-thumbnail","hentry","category-sain-blog"],"yoast_head":"<!-- This site is optimized with the Yoast SEO plugin v27.5 - https:\/\/yoast.com\/product\/yoast-seo-wordpress\/ -->\n<title>SAIN Projekt Poster auf der Forschungsfl\u00e4che des Dachgew\u00e4chshauses - St\u00e4dtische Agrikultur<\/title>\n<meta name=\"robots\" content=\"index, follow, max-snippet:-1, max-image-preview:large, max-video-preview:-1\" \/>\n<link rel=\"canonical\" href=\"https:\/\/websites.fraunhofer.de\/staedtischeagrikultur\/index.php\/sain-projekt-poster-auf-der-forschungsflaeche-des-dachgewaechshauses\/\" \/>\n<meta property=\"og:locale\" content=\"de_DE\" \/>\n<meta property=\"og:type\" content=\"article\" \/>\n<meta property=\"og:title\" content=\"SAIN Projekt Poster auf der Forschungsfl\u00e4che des Dachgew\u00e4chshauses - St\u00e4dtische Agrikultur\" \/>\n<meta property=\"og:description\" content=\"Einweihung des integrierten Dachgew\u00e4chshauses in Oberhausen am Altmarkt Fotos: Simone Krause, Fraunhofer UMSICHT Am 26. September wurde das integrierte Dachgew\u00e4chshaus in Oberhausen am Altmarkt eingeweiht. Auf ca. 1000 qm werden Lebensmittel in unterschiedlichen Kultivierungssystemen und Klimakammern angebaut. 160 qm davon werden f\u00fcr die Forschung und Entwicklung genutzt. Zu diesem Zweck wurde ein Wissenschaftssymposium an dem [&hellip;]\" \/>\n<meta property=\"og:url\" content=\"https:\/\/websites.fraunhofer.de\/staedtischeagrikultur\/index.php\/sain-projekt-poster-auf-der-forschungsflaeche-des-dachgewaechshauses\/\" \/>\n<meta property=\"og:site_name\" content=\"St\u00e4dtische Agrikultur\" \/>\n<meta property=\"article:publisher\" content=\"https:\/\/www.facebook.com\/SAINagrikultur\/\" \/>\n<meta property=\"article:published_time\" content=\"2019-09-27T12:45:59+00:00\" \/>\n<meta property=\"article:modified_time\" content=\"2019-10-02T12:54:59+00:00\" \/>\n<meta property=\"og:image\" content=\"https:\/\/websites.fraunhofer.de\/staedtischeagrikultur\/wp-content\/uploads\/2019\/09\/IMG_1701-e1569847501725.jpg\" \/>\n\t<meta property=\"og:image:width\" content=\"1663\" \/>\n\t<meta property=\"og:image:height\" content=\"1154\" \/>\n\t<meta property=\"og:image:type\" content=\"image\/jpeg\" \/>\n<meta name=\"author\" content=\"Simone Krause\" \/>\n<meta name=\"twitter:card\" content=\"summary_large_image\" \/>\n<meta name=\"twitter:label1\" content=\"Verfasst von\" \/>\n\t<meta name=\"twitter:data1\" content=\"Simone Krause\" \/>\n\t<meta name=\"twitter:label2\" content=\"Gesch\u00e4tzte Lesezeit\" \/>\n\t<meta name=\"twitter:data2\" content=\"4\u00a0Minuten\" \/>\n<script type=\"application\/ld+json\" class=\"yoast-schema-graph\">{\"@context\":\"https:\\\/\\\/schema.org\",\"@graph\":[{\"@type\":\"Article\",\"@id\":\"https:\\\/\\\/websites.fraunhofer.de\\\/staedtischeagrikultur\\\/index.php\\\/sain-projekt-poster-auf-der-forschungsflaeche-des-dachgewaechshauses\\\/#article\",\"isPartOf\":{\"@id\":\"https:\\\/\\\/websites.fraunhofer.de\\\/staedtischeagrikultur\\\/index.php\\\/sain-projekt-poster-auf-der-forschungsflaeche-des-dachgewaechshauses\\\/\"},\"author\":{\"name\":\"Simone Krause\",\"@id\":\"https:\\\/\\\/websites.fraunhofer.de\\\/staedtischeagrikultur\\\/#\\\/schema\\\/person\\\/5b7a66c242b6b973dec8de1bc035adbc\"},\"headline\":\"SAIN Projekt Poster auf der Forschungsfl\u00e4che des Dachgew\u00e4chshauses\",\"datePublished\":\"2019-09-27T12:45:59+00:00\",\"dateModified\":\"2019-10-02T12:54:59+00:00\",\"mainEntityOfPage\":{\"@id\":\"https:\\\/\\\/websites.fraunhofer.de\\\/staedtischeagrikultur\\\/index.php\\\/sain-projekt-poster-auf-der-forschungsflaeche-des-dachgewaechshauses\\\/\"},\"wordCount\":735,\"publisher\":{\"@id\":\"https:\\\/\\\/websites.fraunhofer.de\\\/staedtischeagrikultur\\\/#organization\"},\"image\":{\"@id\":\"https:\\\/\\\/websites.fraunhofer.de\\\/staedtischeagrikultur\\\/index.php\\\/sain-projekt-poster-auf-der-forschungsflaeche-des-dachgewaechshauses\\\/#primaryimage\"},\"thumbnailUrl\":\"https:\\\/\\\/staedtische-agrikultur.de\\\/wp-content\\\/uploads\\\/2019\\\/09\\\/IMG_1701-e1569847501725.jpg\",\"articleSection\":[\"SAIN-Blog\"],\"inLanguage\":\"de\"},{\"@type\":\"WebPage\",\"@id\":\"https:\\\/\\\/websites.fraunhofer.de\\\/staedtischeagrikultur\\\/index.php\\\/sain-projekt-poster-auf-der-forschungsflaeche-des-dachgewaechshauses\\\/\",\"url\":\"https:\\\/\\\/websites.fraunhofer.de\\\/staedtischeagrikultur\\\/index.php\\\/sain-projekt-poster-auf-der-forschungsflaeche-des-dachgewaechshauses\\\/\",\"name\":\"SAIN Projekt Poster auf der Forschungsfl\u00e4che des Dachgew\u00e4chshauses - St\u00e4dtische Agrikultur\",\"isPartOf\":{\"@id\":\"https:\\\/\\\/websites.fraunhofer.de\\\/staedtischeagrikultur\\\/#website\"},\"primaryImageOfPage\":{\"@id\":\"https:\\\/\\\/websites.fraunhofer.de\\\/staedtischeagrikultur\\\/index.php\\\/sain-projekt-poster-auf-der-forschungsflaeche-des-dachgewaechshauses\\\/#primaryimage\"},\"image\":{\"@id\":\"https:\\\/\\\/websites.fraunhofer.de\\\/staedtischeagrikultur\\\/index.php\\\/sain-projekt-poster-auf-der-forschungsflaeche-des-dachgewaechshauses\\\/#primaryimage\"},\"thumbnailUrl\":\"https:\\\/\\\/staedtische-agrikultur.de\\\/wp-content\\\/uploads\\\/2019\\\/09\\\/IMG_1701-e1569847501725.jpg\",\"datePublished\":\"2019-09-27T12:45:59+00:00\",\"dateModified\":\"2019-10-02T12:54:59+00:00\",\"breadcrumb\":{\"@id\":\"https:\\\/\\\/websites.fraunhofer.de\\\/staedtischeagrikultur\\\/index.php\\\/sain-projekt-poster-auf-der-forschungsflaeche-des-dachgewaechshauses\\\/#breadcrumb\"},\"inLanguage\":\"de\",\"potentialAction\":[{\"@type\":\"ReadAction\",\"target\":[\"https:\\\/\\\/websites.fraunhofer.de\\\/staedtischeagrikultur\\\/index.php\\\/sain-projekt-poster-auf-der-forschungsflaeche-des-dachgewaechshauses\\\/\"]}]},{\"@type\":\"ImageObject\",\"inLanguage\":\"de\",\"@id\":\"https:\\\/\\\/websites.fraunhofer.de\\\/staedtischeagrikultur\\\/index.php\\\/sain-projekt-poster-auf-der-forschungsflaeche-des-dachgewaechshauses\\\/#primaryimage\",\"url\":\"https:\\\/\\\/staedtische-agrikultur.de\\\/wp-content\\\/uploads\\\/2019\\\/09\\\/IMG_1701-e1569847501725.jpg\",\"contentUrl\":\"https:\\\/\\\/staedtische-agrikultur.de\\\/wp-content\\\/uploads\\\/2019\\\/09\\\/IMG_1701-e1569847501725.jpg\",\"width\":1663,\"height\":1154},{\"@type\":\"BreadcrumbList\",\"@id\":\"https:\\\/\\\/websites.fraunhofer.de\\\/staedtischeagrikultur\\\/index.php\\\/sain-projekt-poster-auf-der-forschungsflaeche-des-dachgewaechshauses\\\/#breadcrumb\",\"itemListElement\":[{\"@type\":\"ListItem\",\"position\":1,\"name\":\"Startseite\",\"item\":\"https:\\\/\\\/websites.fraunhofer.de\\\/staedtischeagrikultur\\\/\"},{\"@type\":\"ListItem\",\"position\":2,\"name\":\"SAIN Projekt Poster auf der Forschungsfl\u00e4che des Dachgew\u00e4chshauses\"}]},{\"@type\":\"WebSite\",\"@id\":\"https:\\\/\\\/websites.fraunhofer.de\\\/staedtischeagrikultur\\\/#website\",\"url\":\"https:\\\/\\\/websites.fraunhofer.de\\\/staedtischeagrikultur\\\/\",\"name\":\"St\u00e4dtische Agrikultur\",\"description\":\"SAIN\",\"publisher\":{\"@id\":\"https:\\\/\\\/websites.fraunhofer.de\\\/staedtischeagrikultur\\\/#organization\"},\"potentialAction\":[{\"@type\":\"SearchAction\",\"target\":{\"@type\":\"EntryPoint\",\"urlTemplate\":\"https:\\\/\\\/websites.fraunhofer.de\\\/staedtischeagrikultur\\\/?s={search_term_string}\"},\"query-input\":{\"@type\":\"PropertyValueSpecification\",\"valueRequired\":true,\"valueName\":\"search_term_string\"}}],\"inLanguage\":\"de\"},{\"@type\":\"Organization\",\"@id\":\"https:\\\/\\\/websites.fraunhofer.de\\\/staedtischeagrikultur\\\/#organization\",\"name\":\"St\u00e4dtische Agrikultur\",\"url\":\"https:\\\/\\\/websites.fraunhofer.de\\\/staedtischeagrikultur\\\/\",\"logo\":{\"@type\":\"ImageObject\",\"inLanguage\":\"de\",\"@id\":\"https:\\\/\\\/websites.fraunhofer.de\\\/staedtischeagrikultur\\\/#\\\/schema\\\/logo\\\/image\\\/\",\"url\":\"https:\\\/\\\/staedtische-agrikultur.de\\\/wp-content\\\/uploads\\\/2017\\\/10\\\/SAIN-Logo_V4_N-k\u00fcrzer_edit-170831_Fraunhofer-Gr\u00fcn.png\",\"contentUrl\":\"https:\\\/\\\/staedtische-agrikultur.de\\\/wp-content\\\/uploads\\\/2017\\\/10\\\/SAIN-Logo_V4_N-k\u00fcrzer_edit-170831_Fraunhofer-Gr\u00fcn.png\",\"width\":1666,\"height\":1666,\"caption\":\"St\u00e4dtische Agrikultur\"},\"image\":{\"@id\":\"https:\\\/\\\/websites.fraunhofer.de\\\/staedtischeagrikultur\\\/#\\\/schema\\\/logo\\\/image\\\/\"},\"sameAs\":[\"https:\\\/\\\/www.facebook.com\\\/SAINagrikultur\\\/\",\"https:\\\/\\\/www.youtube.com\\\/channel\\\/UCeFQ74xB7C6-DHKwI1k9E3Q\"]},{\"@type\":\"Person\",\"@id\":\"https:\\\/\\\/websites.fraunhofer.de\\\/staedtischeagrikultur\\\/#\\\/schema\\\/person\\\/5b7a66c242b6b973dec8de1bc035adbc\",\"name\":\"Simone Krause\",\"image\":{\"@type\":\"ImageObject\",\"inLanguage\":\"de\",\"@id\":\"https:\\\/\\\/secure.gravatar.com\\\/avatar\\\/0546ebc44bf0b0b6b12c915888d5ec5d412cef0ff227428a61e0db1b146728a0?s=96&d=mm&r=g\",\"url\":\"https:\\\/\\\/secure.gravatar.com\\\/avatar\\\/0546ebc44bf0b0b6b12c915888d5ec5d412cef0ff227428a61e0db1b146728a0?s=96&d=mm&r=g\",\"contentUrl\":\"https:\\\/\\\/secure.gravatar.com\\\/avatar\\\/0546ebc44bf0b0b6b12c915888d5ec5d412cef0ff227428a61e0db1b146728a0?s=96&d=mm&r=g\",\"caption\":\"Simone Krause\"},\"url\":\"https:\\\/\\\/staedtische-agrikultur.de\\\/index.php\\\/author\\\/krsi\\\/\"}]}<\/script>\n<!-- \/ Yoast SEO plugin. -->","yoast_head_json":{"title":"SAIN Projekt Poster auf der Forschungsfl\u00e4che des Dachgew\u00e4chshauses - St\u00e4dtische Agrikultur","robots":{"index":"index","follow":"follow","max-snippet":"max-snippet:-1","max-image-preview":"max-image-preview:large","max-video-preview":"max-video-preview:-1"},"canonical":"https:\/\/websites.fraunhofer.de\/staedtischeagrikultur\/index.php\/sain-projekt-poster-auf-der-forschungsflaeche-des-dachgewaechshauses\/","og_locale":"de_DE","og_type":"article","og_title":"SAIN Projekt Poster auf der Forschungsfl\u00e4che des Dachgew\u00e4chshauses - St\u00e4dtische Agrikultur","og_description":"Einweihung des integrierten Dachgew\u00e4chshauses in Oberhausen am Altmarkt Fotos: Simone Krause, Fraunhofer UMSICHT Am 26. September wurde das integrierte Dachgew\u00e4chshaus in Oberhausen am Altmarkt eingeweiht. Auf ca. 1000 qm werden Lebensmittel in unterschiedlichen Kultivierungssystemen und Klimakammern angebaut. 160 qm davon werden f\u00fcr die Forschung und Entwicklung genutzt. Zu diesem Zweck wurde ein Wissenschaftssymposium an dem [&hellip;]","og_url":"https:\/\/websites.fraunhofer.de\/staedtischeagrikultur\/index.php\/sain-projekt-poster-auf-der-forschungsflaeche-des-dachgewaechshauses\/","og_site_name":"St\u00e4dtische Agrikultur","article_publisher":"https:\/\/www.facebook.com\/SAINagrikultur\/","article_published_time":"2019-09-27T12:45:59+00:00","article_modified_time":"2019-10-02T12:54:59+00:00","og_image":[{"width":1663,"height":1154,"url":"https:\/\/websites.fraunhofer.de\/staedtischeagrikultur\/wp-content\/uploads\/2019\/09\/IMG_1701-e1569847501725.jpg","type":"image\/jpeg"}],"author":"Simone Krause","twitter_card":"summary_large_image","twitter_misc":{"Verfasst von":"Simone Krause","Gesch\u00e4tzte Lesezeit":"4\u00a0Minuten"},"schema":{"@context":"https:\/\/schema.org","@graph":[{"@type":"Article","@id":"https:\/\/websites.fraunhofer.de\/staedtischeagrikultur\/index.php\/sain-projekt-poster-auf-der-forschungsflaeche-des-dachgewaechshauses\/#article","isPartOf":{"@id":"https:\/\/websites.fraunhofer.de\/staedtischeagrikultur\/index.php\/sain-projekt-poster-auf-der-forschungsflaeche-des-dachgewaechshauses\/"},"author":{"name":"Simone Krause","@id":"https:\/\/websites.fraunhofer.de\/staedtischeagrikultur\/#\/schema\/person\/5b7a66c242b6b973dec8de1bc035adbc"},"headline":"SAIN Projekt Poster auf der Forschungsfl\u00e4che des Dachgew\u00e4chshauses","datePublished":"2019-09-27T12:45:59+00:00","dateModified":"2019-10-02T12:54:59+00:00","mainEntityOfPage":{"@id":"https:\/\/websites.fraunhofer.de\/staedtischeagrikultur\/index.php\/sain-projekt-poster-auf-der-forschungsflaeche-des-dachgewaechshauses\/"},"wordCount":735,"publisher":{"@id":"https:\/\/websites.fraunhofer.de\/staedtischeagrikultur\/#organization"},"image":{"@id":"https:\/\/websites.fraunhofer.de\/staedtischeagrikultur\/index.php\/sain-projekt-poster-auf-der-forschungsflaeche-des-dachgewaechshauses\/#primaryimage"},"thumbnailUrl":"https:\/\/staedtische-agrikultur.de\/wp-content\/uploads\/2019\/09\/IMG_1701-e1569847501725.jpg","articleSection":["SAIN-Blog"],"inLanguage":"de"},{"@type":"WebPage","@id":"https:\/\/websites.fraunhofer.de\/staedtischeagrikultur\/index.php\/sain-projekt-poster-auf-der-forschungsflaeche-des-dachgewaechshauses\/","url":"https:\/\/websites.fraunhofer.de\/staedtischeagrikultur\/index.php\/sain-projekt-poster-auf-der-forschungsflaeche-des-dachgewaechshauses\/","name":"SAIN Projekt Poster auf der Forschungsfl\u00e4che des Dachgew\u00e4chshauses - St\u00e4dtische Agrikultur","isPartOf":{"@id":"https:\/\/websites.fraunhofer.de\/staedtischeagrikultur\/#website"},"primaryImageOfPage":{"@id":"https:\/\/websites.fraunhofer.de\/staedtischeagrikultur\/index.php\/sain-projekt-poster-auf-der-forschungsflaeche-des-dachgewaechshauses\/#primaryimage"},"image":{"@id":"https:\/\/websites.fraunhofer.de\/staedtischeagrikultur\/index.php\/sain-projekt-poster-auf-der-forschungsflaeche-des-dachgewaechshauses\/#primaryimage"},"thumbnailUrl":"https:\/\/staedtische-agrikultur.de\/wp-content\/uploads\/2019\/09\/IMG_1701-e1569847501725.jpg","datePublished":"2019-09-27T12:45:59+00:00","dateModified":"2019-10-02T12:54:59+00:00","breadcrumb":{"@id":"https:\/\/websites.fraunhofer.de\/staedtischeagrikultur\/index.php\/sain-projekt-poster-auf-der-forschungsflaeche-des-dachgewaechshauses\/#breadcrumb"},"inLanguage":"de","potentialAction":[{"@type":"ReadAction","target":["https:\/\/websites.fraunhofer.de\/staedtischeagrikultur\/index.php\/sain-projekt-poster-auf-der-forschungsflaeche-des-dachgewaechshauses\/"]}]},{"@type":"ImageObject","inLanguage":"de","@id":"https:\/\/websites.fraunhofer.de\/staedtischeagrikultur\/index.php\/sain-projekt-poster-auf-der-forschungsflaeche-des-dachgewaechshauses\/#primaryimage","url":"https:\/\/staedtische-agrikultur.de\/wp-content\/uploads\/2019\/09\/IMG_1701-e1569847501725.jpg","contentUrl":"https:\/\/staedtische-agrikultur.de\/wp-content\/uploads\/2019\/09\/IMG_1701-e1569847501725.jpg","width":1663,"height":1154},{"@type":"BreadcrumbList","@id":"https:\/\/websites.fraunhofer.de\/staedtischeagrikultur\/index.php\/sain-projekt-poster-auf-der-forschungsflaeche-des-dachgewaechshauses\/#breadcrumb","itemListElement":[{"@type":"ListItem","position":1,"name":"Startseite","item":"https:\/\/websites.fraunhofer.de\/staedtischeagrikultur\/"},{"@type":"ListItem","position":2,"name":"SAIN Projekt Poster auf der Forschungsfl\u00e4che des Dachgew\u00e4chshauses"}]},{"@type":"WebSite","@id":"https:\/\/websites.fraunhofer.de\/staedtischeagrikultur\/#website","url":"https:\/\/websites.fraunhofer.de\/staedtischeagrikultur\/","name":"St\u00e4dtische Agrikultur","description":"SAIN","publisher":{"@id":"https:\/\/websites.fraunhofer.de\/staedtischeagrikultur\/#organization"},"potentialAction":[{"@type":"SearchAction","target":{"@type":"EntryPoint","urlTemplate":"https:\/\/websites.fraunhofer.de\/staedtischeagrikultur\/?s={search_term_string}"},"query-input":{"@type":"PropertyValueSpecification","valueRequired":true,"valueName":"search_term_string"}}],"inLanguage":"de"},{"@type":"Organization","@id":"https:\/\/websites.fraunhofer.de\/staedtischeagrikultur\/#organization","name":"St\u00e4dtische Agrikultur","url":"https:\/\/websites.fraunhofer.de\/staedtischeagrikultur\/","logo":{"@type":"ImageObject","inLanguage":"de","@id":"https:\/\/websites.fraunhofer.de\/staedtischeagrikultur\/#\/schema\/logo\/image\/","url":"https:\/\/staedtische-agrikultur.de\/wp-content\/uploads\/2017\/10\/SAIN-Logo_V4_N-k\u00fcrzer_edit-170831_Fraunhofer-Gr\u00fcn.png","contentUrl":"https:\/\/staedtische-agrikultur.de\/wp-content\/uploads\/2017\/10\/SAIN-Logo_V4_N-k\u00fcrzer_edit-170831_Fraunhofer-Gr\u00fcn.png","width":1666,"height":1666,"caption":"St\u00e4dtische Agrikultur"},"image":{"@id":"https:\/\/websites.fraunhofer.de\/staedtischeagrikultur\/#\/schema\/logo\/image\/"},"sameAs":["https:\/\/www.facebook.com\/SAINagrikultur\/","https:\/\/www.youtube.com\/channel\/UCeFQ74xB7C6-DHKwI1k9E3Q"]},{"@type":"Person","@id":"https:\/\/websites.fraunhofer.de\/staedtischeagrikultur\/#\/schema\/person\/5b7a66c242b6b973dec8de1bc035adbc","name":"Simone Krause","image":{"@type":"ImageObject","inLanguage":"de","@id":"https:\/\/secure.gravatar.com\/avatar\/0546ebc44bf0b0b6b12c915888d5ec5d412cef0ff227428a61e0db1b146728a0?s=96&d=mm&r=g","url":"https:\/\/secure.gravatar.com\/avatar\/0546ebc44bf0b0b6b12c915888d5ec5d412cef0ff227428a61e0db1b146728a0?s=96&d=mm&r=g","contentUrl":"https:\/\/secure.gravatar.com\/avatar\/0546ebc44bf0b0b6b12c915888d5ec5d412cef0ff227428a61e0db1b146728a0?s=96&d=mm&r=g","caption":"Simone Krause"},"url":"https:\/\/staedtische-agrikultur.de\/index.php\/author\/krsi\/"}]}},"_links":{"self":[{"href":"https:\/\/staedtische-agrikultur.de\/index.php\/wp-json\/wp\/v2\/posts\/7224","targetHints":{"allow":["GET"]}}],"collection":[{"href":"https:\/\/staedtische-agrikultur.de\/index.php\/wp-json\/wp\/v2\/posts"}],"about":[{"href":"https:\/\/staedtische-agrikultur.de\/index.php\/wp-json\/wp\/v2\/types\/post"}],"author":[{"embeddable":true,"href":"https:\/\/staedtische-agrikultur.de\/index.php\/wp-json\/wp\/v2\/users\/2"}],"replies":[{"embeddable":true,"href":"https:\/\/staedtische-agrikultur.de\/index.php\/wp-json\/wp\/v2\/comments?post=7224"}],"version-history":[{"count":0,"href":"https:\/\/staedtische-agrikultur.de\/index.php\/wp-json\/wp\/v2\/posts\/7224\/revisions"}],"wp:featuredmedia":[{"embeddable":true,"href":"https:\/\/staedtische-agrikultur.de\/index.php\/wp-json\/wp\/v2\/media\/7234"}],"wp:attachment":[{"href":"https:\/\/staedtische-agrikultur.de\/index.php\/wp-json\/wp\/v2\/media?parent=7224"}],"wp:term":[{"taxonomy":"category","embeddable":true,"href":"https:\/\/staedtische-agrikultur.de\/index.php\/wp-json\/wp\/v2\/categories?post=7224"},{"taxonomy":"post_tag","embeddable":true,"href":"https:\/\/staedtische-agrikultur.de\/index.php\/wp-json\/wp\/v2\/tags?post=7224"}],"curies":[{"name":"wp","href":"https:\/\/api.w.org\/{rel}","templated":true}]}}