{"id":7195,"date":"2019-09-30T13:26:38","date_gmt":"2019-09-30T11:26:38","guid":{"rendered":"https:\/\/websites.fraunhofer.de\/staedtische-agrikultur\/?p=7195"},"modified":"2019-10-09T11:51:07","modified_gmt":"2019-10-09T09:51:07","slug":"gelungenes-agrikulturfestival-sain-pavillon-gut-besucht","status":"publish","type":"post","link":"https:\/\/staedtische-agrikultur.de\/index.php\/gelungenes-agrikulturfestival-sain-pavillon-gut-besucht\/","title":{"rendered":"Gelungenes Agrikulturfestival &#8211; SAIN Pavillon gut besucht"},"content":{"rendered":"<p>[et_pb_section fb_built=&#8220;1&#8243; _builder_version=&#8220;3.22.7&#8243; background_color=&#8220;#604a7b&#8220; custom_padding=&#8220;40px|0px|40px|0px|false|false&#8220; fb_built=&#8220;1&#8243; bb_built=&#8220;1&#8243; _i=&#8220;0&#8243; _address=&#8220;0&#8243;][et_pb_row column_structure=&#8220;1_2,1_2&#8243; module_class=&#8220; et_pb_row_fullwidth et_pb_row_fullwidth et_pb_row_fullwidth&#8220; _builder_version=&#8220;3.25&#8243; width=&#8220;89%&#8220; width_tablet=&#8220;80%&#8220; width_last_edited=&#8220;on|desktop&#8220; max_width=&#8220;89%&#8220; max_width_tablet=&#8220;80%&#8220; max_width_last_edited=&#8220;on|desktop&#8220; custom_padding=&#8220;0|0|0|0|false|false&#8220; make_fullwidth=&#8220;on&#8220; _i=&#8220;0&#8243; _address=&#8220;0.0&#8243;][et_pb_column type=&#8220;1_2&#8243; _builder_version=&#8220;3.25&#8243; custom_padding=&#8220;|||&#8220; _i=&#8220;0&#8243; _address=&#8220;0.0.0&#8243; custom_padding__hover=&#8220;|||&#8220;][et_pb_text _builder_version=&#8220;3.29.3&#8243; text_text_color=&#8220;#ffffff&#8220; header_text_color=&#8220;#ffffff&#8220; saved_tabs=&#8220;all&#8220; _i=&#8220;0&#8243; _address=&#8220;0.0.0.0&#8243;]<\/p>\n<h4>Bonner Agrikulturfestival am M\u00fcnsterplatz <\/h4>\n<p>[\/et_pb_text][et_pb_text _builder_version=&#8220;3.29.3&#8243; background_size=&#8220;initial&#8220; background_position=&#8220;top_left&#8220; background_repeat=&#8220;repeat&#8220; link_option_url_new_window=&#8220;on&#8220; _i=&#8220;1&#8243; _address=&#8220;0.0.0.1&#8243;]<\/p>\n<p>Fotos: Simone Kause, Fraunhofer UMSICHT, Martin Muno<\/p>\n<p>Das B\u00fcrgerforschungsprojekt SAIN pr\u00e4sentierte sich am Samstag auf dem Bonner Agrikulturfestival am M\u00fcnsterplatz. Der Zulauf war rege, wie auch die verschiedenen Diskussionen.<\/p>\n<p>Neben den selbst gebauten Rinnen f\u00fcr eine Pflanzenkultivierung mit Bew\u00e4sserung und Messsystemen stellte u. a. fungial die Pilzzucht in den eigenen W\u00e4nden vor.<\/p>\n<p>Das Projekt SAIN pr\u00e4sentierte sich auch auf der B\u00fchne. Herr Druckenthaner vom Projekttr\u00e4ger DLR war f\u00fcr das Festival angereist, er stellte das Forschungsprogramm der B\u00fcrgerforschung vor und leitete so die Pr\u00e4sentation des SAIN Teams ein.<\/p>\n<p>Weiter unterstrichen Fotos aus dem laufenden SAIN Projekt in und um den Pavillon die vielf\u00e4ltige Arbeit der Modellst\u00e4dte Bonn und Oberhausen. Von den Bonner B\u00fcrgern wollte das SAIN Projekt wissen: \u201eWas ist dein n\u00e4chster Schritt zum guten\/nachhaltigem Essen in der Stadt? \u201c.\u00a0 Viele Antworten wurden aufgeschrieben und die Stellwand wurde bunter und voller. Als Dank f\u00fcr die Bereitschaft gab es wunderbare Kohlrabi, rote Beete und K\u00fcrbisse vom Leyenhof und Deinet. Ein Dankesch\u00f6n geht an alle die da waren, mitgemacht, organisiert und aufgebaut haben. \u00a0Es hat Spa\u00df gemacht und der Tag (ohne Regen und mit wenig Wind) verlief durchweg positiv.<\/p>\n<p>&nbsp;<\/p>\n<p>&nbsp;<\/p>\n<p>[\/et_pb_text][\/et_pb_column][et_pb_column type=&#8220;1_2&#8243; _builder_version=&#8220;3.25&#8243; custom_padding=&#8220;|||&#8220; _i=&#8220;1&#8243; _address=&#8220;0.0.1&#8243; custom_padding__hover=&#8220;|||&#8220;][et_pb_gallery gallery_ids=&#8220;7204,7209,7214,7213,7221,7220&#8243; gallery_captions=&#8220;,,,,,,&#8220; show_title_and_caption=&#8220;off&#8220; show_pagination=&#8220;off&#8220; zoom_icon_color=&#8220;#000000&#8243; hover_icon=&#8220;%%15%%&#8220; _builder_version=&#8220;3.29.3&#8243; z_index_tablet=&#8220;500&#8243; pagination_font_size_tablet=&#8220;51&#8243; pagination_line_height_tablet=&#8220;2&#8243; saved_tabs=&#8220;all&#8220; _i=&#8220;0&#8243; _address=&#8220;0.0.1.0&#8243;]<br \/>\n[\/et_pb_gallery][et_pb_text _builder_version=&#8220;3.27.4&#8243; text_text_color=&#8220;#ffffff&#8220; header_text_color=&#8220;#ffffff&#8220; z_index_tablet=&#8220;500&#8243; saved_tabs=&#8220;all&#8220; _i=&#8220;1&#8243; _address=&#8220;0.0.1.1&#8243;]<\/p>\n<h4>Weiterf\u00fchrende Links<\/h4>\n<p>[\/et_pb_text][et_pb_divider divider_position=&#8220;center&#8220; divider_weight=&#8220;4px&#8220; _builder_version=&#8220;3.20.1&#8243; height=&#8220;10px&#8220; saved_tabs=&#8220;all&#8220; _i=&#8220;2&#8243; _address=&#8220;0.0.1.2&#8243;]<br \/>\n[\/et_pb_divider][et_pb_blurb title=&#8220;Beitrag auf Facebook&#8220; url=&#8220;https:\/\/www.facebook.com\/bmbf.de\/posts\/2229612237168569?__xts__%5b0%5d=68.ARBpR7S9pBpoT_wEJTMTWVHVV1qKiuJG6IveKy3fSkvr87BBUtGJb_WQZ4kpJOOO1NmLd3ke5hvIu9xh_pQBwucHWc1RcvQrh-2gO8-w12EZrkwv0k_RgZtP5hClc7e3jyOP-3WPRmuzJSZsOuLjyx86l4nekokb2Mqgc-giR-1rnLTNr5C9FZJlIJ3ow1Zr74e_CgKgl0tB4cMlWMCpDYvr0uk-fQpEQowk_Pmmezk41kuIQi48CJIxsmI4i2srRFzQ69M-GDTkdJhDspDDqW2J9z3lBJeGKV6fk0cWLJBc4m4WzoT36zg1QEDxT5TPhhc41o6HkMsU5iXDtAjXL32_G9u4&#038;__tn__=-R&#8220; url_new_window=&#8220;on&#8220; use_icon=&#8220;on&#8220; font_icon=&#8220;%%291%%&#8220; icon_placement=&#8220;left&#8220; content_max_width=&#8220;1000px&#8220; image_max_width_last_edited=&#8220;on|desktop&#8220; content_max_width_last_edited=&#8220;on|desktop&#8220; _builder_version=&#8220;3.29.3&#8243; header_font=&#8220;||||||||&#8220; header_text_color=&#8220;#ffffff&#8220; header_font_size=&#8220;24px&#8220; header_line_height=&#8220;1.2em&#8220; body_font=&#8220;Comfortaa||||&#8220; body_text_align=&#8220;left&#8220; body_text_color=&#8220;#000000&#8243; max_width_last_edited=&#8220;on|desktop&#8220; module_alignment=&#8220;right&#8220; custom_margin=&#8220;0px|||&#8220; custom_padding=&#8220;0px|||&#8220; animation_style=&#8220;fold&#8220; saved_tabs=&#8220;all&#8220; _i=&#8220;3&#8243; _address=&#8220;0.0.1.3&#8243;][\/et_pb_blurb][et_pb_blurb title=&#8220;Foto im General-Anzeiger&#8220; url=&#8220;https:\/\/www.general-anzeiger-bonn.de\/fotos\/bonn\/fotos-agrikultur-festival-bonn_bid-46164167#6&#8243; url_new_window=&#8220;on&#8220; use_icon=&#8220;on&#8220; font_icon=&#8220;%%99%%&#8220; icon_placement=&#8220;left&#8220; content_max_width=&#8220;1000px&#8220; image_max_width_last_edited=&#8220;on|desktop&#8220; content_max_width_last_edited=&#8220;on|desktop&#8220; _builder_version=&#8220;3.29.3&#8243; header_font=&#8220;||||||||&#8220; header_text_color=&#8220;#ffffff&#8220; header_font_size=&#8220;24px&#8220; header_line_height=&#8220;1.2em&#8220; body_font=&#8220;Comfortaa||||&#8220; body_text_align=&#8220;left&#8220; body_text_color=&#8220;#000000&#8243; max_width_last_edited=&#8220;on|desktop&#8220; module_alignment=&#8220;right&#8220; custom_margin=&#8220;0px|||&#8220; custom_padding=&#8220;0px|||&#8220; animation_style=&#8220;fold&#8220; hover_enabled=&#8220;0&#8243; saved_tabs=&#8220;all&#8220; _i=&#8220;3&#8243; _address=&#8220;0.0.1.3&#8243;][\/et_pb_blurb][et_pb_blurb title=&#8220;Zum Kontaktformular&#8220; url=&#8220;https:\/\/staedtische-agrikultur.de\/index.php\/kontakt&#8220; use_icon=&#8220;on&#8220; font_icon=&#8220;%%75%%&#8220; icon_placement=&#8220;left&#8220; content_max_width=&#8220;1000px&#8220; image_max_width_last_edited=&#8220;on|desktop&#8220; content_max_width_last_edited=&#8220;on|desktop&#8220; _builder_version=&#8220;3.17.6&#8243; header_font=&#8220;||||||||&#8220; header_text_color=&#8220;#ffffff&#8220; header_font_size=&#8220;24px&#8220; header_line_height=&#8220;1.2em&#8220; body_font=&#8220;Comfortaa||||&#8220; body_text_align=&#8220;left&#8220; body_text_color=&#8220;#000000&#8243; max_width_last_edited=&#8220;on|desktop&#8220; module_alignment=&#8220;right&#8220; custom_margin=&#8220;0px|||&#8220; custom_padding=&#8220;0px|||&#8220; animation_style=&#8220;fold&#8220; saved_tabs=&#8220;all&#8220; _i=&#8220;4&#8243; _address=&#8220;0.0.1.4&#8243;]<br \/>\n[\/et_pb_blurb][\/et_pb_column][\/et_pb_row][\/et_pb_section]<\/p>\n","protected":false},"excerpt":{"rendered":"<p>Bonner Agrikulturfestival am M\u00fcnsterplatz Fotos: Simone Kause, Fraunhofer UMSICHT, Martin Muno Das B\u00fcrgerforschungsprojekt SAIN pr\u00e4sentierte sich am Samstag auf dem Bonner Agrikulturfestival am M\u00fcnsterplatz. Der Zulauf war rege, wie auch die verschiedenen Diskussionen. Neben den selbst gebauten Rinnen f\u00fcr eine Pflanzenkultivierung mit Bew\u00e4sserung und Messsystemen stellte u. a. fungial die Pilzzucht in den eigenen W\u00e4nden [&hellip;]<\/p>\n","protected":false},"author":2,"featured_media":7204,"comment_status":"closed","ping_status":"closed","sticky":false,"template":"","format":"standard","meta":{"_et_pb_use_builder":"on","_et_pb_old_content":"","_et_gb_content_width":"","footnotes":""},"categories":[4],"tags":[],"class_list":["post-7195","post","type-post","status-publish","format-standard","has-post-thumbnail","hentry","category-sain-blog"],"yoast_head":"<!-- This site is optimized with the Yoast SEO plugin v27.5 - https:\/\/yoast.com\/product\/yoast-seo-wordpress\/ -->\n<title>Gelungenes Agrikulturfestival - SAIN Pavillon gut besucht - St\u00e4dtische Agrikultur<\/title>\n<meta name=\"robots\" content=\"index, follow, max-snippet:-1, max-image-preview:large, max-video-preview:-1\" \/>\n<link rel=\"canonical\" href=\"https:\/\/websites.fraunhofer.de\/staedtischeagrikultur\/index.php\/gelungenes-agrikulturfestival-sain-pavillon-gut-besucht\/\" \/>\n<meta property=\"og:locale\" content=\"de_DE\" \/>\n<meta property=\"og:type\" content=\"article\" \/>\n<meta property=\"og:title\" content=\"Gelungenes Agrikulturfestival - SAIN Pavillon gut besucht - St\u00e4dtische Agrikultur\" \/>\n<meta property=\"og:description\" content=\"Bonner Agrikulturfestival am M\u00fcnsterplatz Fotos: Simone Kause, Fraunhofer UMSICHT, Martin Muno Das B\u00fcrgerforschungsprojekt SAIN pr\u00e4sentierte sich am Samstag auf dem Bonner Agrikulturfestival am M\u00fcnsterplatz. Der Zulauf war rege, wie auch die verschiedenen Diskussionen. Neben den selbst gebauten Rinnen f\u00fcr eine Pflanzenkultivierung mit Bew\u00e4sserung und Messsystemen stellte u. a. fungial die Pilzzucht in den eigenen W\u00e4nden [&hellip;]\" \/>\n<meta property=\"og:url\" content=\"https:\/\/websites.fraunhofer.de\/staedtischeagrikultur\/index.php\/gelungenes-agrikulturfestival-sain-pavillon-gut-besucht\/\" \/>\n<meta property=\"og:site_name\" content=\"St\u00e4dtische Agrikultur\" \/>\n<meta property=\"article:publisher\" content=\"https:\/\/www.facebook.com\/SAINagrikultur\/\" \/>\n<meta property=\"article:published_time\" content=\"2019-09-30T11:26:38+00:00\" \/>\n<meta property=\"article:modified_time\" content=\"2019-10-09T09:51:07+00:00\" \/>\n<meta property=\"og:image\" content=\"https:\/\/websites.fraunhofer.de\/staedtischeagrikultur\/wp-content\/uploads\/2019\/09\/IMG_1729-1-e1569841442539.jpg\" \/>\n\t<meta property=\"og:image:width\" content=\"2016\" \/>\n\t<meta property=\"og:image:height\" content=\"1512\" \/>\n\t<meta property=\"og:image:type\" content=\"image\/jpeg\" \/>\n<meta name=\"author\" content=\"Simone Krause\" \/>\n<meta name=\"twitter:card\" content=\"summary_large_image\" \/>\n<meta name=\"twitter:label1\" content=\"Verfasst von\" \/>\n\t<meta name=\"twitter:data1\" content=\"Simone Krause\" \/>\n\t<meta name=\"twitter:label2\" content=\"Gesch\u00e4tzte Lesezeit\" \/>\n\t<meta name=\"twitter:data2\" content=\"4\u00a0Minuten\" \/>\n<script type=\"application\/ld+json\" class=\"yoast-schema-graph\">{\"@context\":\"https:\\\/\\\/schema.org\",\"@graph\":[{\"@type\":\"Article\",\"@id\":\"https:\\\/\\\/websites.fraunhofer.de\\\/staedtischeagrikultur\\\/index.php\\\/gelungenes-agrikulturfestival-sain-pavillon-gut-besucht\\\/#article\",\"isPartOf\":{\"@id\":\"https:\\\/\\\/websites.fraunhofer.de\\\/staedtischeagrikultur\\\/index.php\\\/gelungenes-agrikulturfestival-sain-pavillon-gut-besucht\\\/\"},\"author\":{\"name\":\"Simone Krause\",\"@id\":\"https:\\\/\\\/websites.fraunhofer.de\\\/staedtischeagrikultur\\\/#\\\/schema\\\/person\\\/5b7a66c242b6b973dec8de1bc035adbc\"},\"headline\":\"Gelungenes Agrikulturfestival &#8211; SAIN Pavillon gut besucht\",\"datePublished\":\"2019-09-30T11:26:38+00:00\",\"dateModified\":\"2019-10-09T09:51:07+00:00\",\"mainEntityOfPage\":{\"@id\":\"https:\\\/\\\/websites.fraunhofer.de\\\/staedtischeagrikultur\\\/index.php\\\/gelungenes-agrikulturfestival-sain-pavillon-gut-besucht\\\/\"},\"wordCount\":819,\"publisher\":{\"@id\":\"https:\\\/\\\/websites.fraunhofer.de\\\/staedtischeagrikultur\\\/#organization\"},\"image\":{\"@id\":\"https:\\\/\\\/websites.fraunhofer.de\\\/staedtischeagrikultur\\\/index.php\\\/gelungenes-agrikulturfestival-sain-pavillon-gut-besucht\\\/#primaryimage\"},\"thumbnailUrl\":\"https:\\\/\\\/staedtische-agrikultur.de\\\/wp-content\\\/uploads\\\/2019\\\/09\\\/IMG_1729-1-e1569841442539.jpg\",\"articleSection\":[\"SAIN-Blog\"],\"inLanguage\":\"de\"},{\"@type\":\"WebPage\",\"@id\":\"https:\\\/\\\/websites.fraunhofer.de\\\/staedtischeagrikultur\\\/index.php\\\/gelungenes-agrikulturfestival-sain-pavillon-gut-besucht\\\/\",\"url\":\"https:\\\/\\\/websites.fraunhofer.de\\\/staedtischeagrikultur\\\/index.php\\\/gelungenes-agrikulturfestival-sain-pavillon-gut-besucht\\\/\",\"name\":\"Gelungenes Agrikulturfestival - SAIN Pavillon gut besucht - St\u00e4dtische Agrikultur\",\"isPartOf\":{\"@id\":\"https:\\\/\\\/websites.fraunhofer.de\\\/staedtischeagrikultur\\\/#website\"},\"primaryImageOfPage\":{\"@id\":\"https:\\\/\\\/websites.fraunhofer.de\\\/staedtischeagrikultur\\\/index.php\\\/gelungenes-agrikulturfestival-sain-pavillon-gut-besucht\\\/#primaryimage\"},\"image\":{\"@id\":\"https:\\\/\\\/websites.fraunhofer.de\\\/staedtischeagrikultur\\\/index.php\\\/gelungenes-agrikulturfestival-sain-pavillon-gut-besucht\\\/#primaryimage\"},\"thumbnailUrl\":\"https:\\\/\\\/staedtische-agrikultur.de\\\/wp-content\\\/uploads\\\/2019\\\/09\\\/IMG_1729-1-e1569841442539.jpg\",\"datePublished\":\"2019-09-30T11:26:38+00:00\",\"dateModified\":\"2019-10-09T09:51:07+00:00\",\"breadcrumb\":{\"@id\":\"https:\\\/\\\/websites.fraunhofer.de\\\/staedtischeagrikultur\\\/index.php\\\/gelungenes-agrikulturfestival-sain-pavillon-gut-besucht\\\/#breadcrumb\"},\"inLanguage\":\"de\",\"potentialAction\":[{\"@type\":\"ReadAction\",\"target\":[\"https:\\\/\\\/websites.fraunhofer.de\\\/staedtischeagrikultur\\\/index.php\\\/gelungenes-agrikulturfestival-sain-pavillon-gut-besucht\\\/\"]}]},{\"@type\":\"ImageObject\",\"inLanguage\":\"de\",\"@id\":\"https:\\\/\\\/websites.fraunhofer.de\\\/staedtischeagrikultur\\\/index.php\\\/gelungenes-agrikulturfestival-sain-pavillon-gut-besucht\\\/#primaryimage\",\"url\":\"https:\\\/\\\/staedtische-agrikultur.de\\\/wp-content\\\/uploads\\\/2019\\\/09\\\/IMG_1729-1-e1569841442539.jpg\",\"contentUrl\":\"https:\\\/\\\/staedtische-agrikultur.de\\\/wp-content\\\/uploads\\\/2019\\\/09\\\/IMG_1729-1-e1569841442539.jpg\",\"width\":2016,\"height\":1512},{\"@type\":\"BreadcrumbList\",\"@id\":\"https:\\\/\\\/websites.fraunhofer.de\\\/staedtischeagrikultur\\\/index.php\\\/gelungenes-agrikulturfestival-sain-pavillon-gut-besucht\\\/#breadcrumb\",\"itemListElement\":[{\"@type\":\"ListItem\",\"position\":1,\"name\":\"Startseite\",\"item\":\"https:\\\/\\\/websites.fraunhofer.de\\\/staedtischeagrikultur\\\/\"},{\"@type\":\"ListItem\",\"position\":2,\"name\":\"Gelungenes Agrikulturfestival &#8211; SAIN Pavillon gut besucht\"}]},{\"@type\":\"WebSite\",\"@id\":\"https:\\\/\\\/websites.fraunhofer.de\\\/staedtischeagrikultur\\\/#website\",\"url\":\"https:\\\/\\\/websites.fraunhofer.de\\\/staedtischeagrikultur\\\/\",\"name\":\"St\u00e4dtische Agrikultur\",\"description\":\"SAIN\",\"publisher\":{\"@id\":\"https:\\\/\\\/websites.fraunhofer.de\\\/staedtischeagrikultur\\\/#organization\"},\"potentialAction\":[{\"@type\":\"SearchAction\",\"target\":{\"@type\":\"EntryPoint\",\"urlTemplate\":\"https:\\\/\\\/websites.fraunhofer.de\\\/staedtischeagrikultur\\\/?s={search_term_string}\"},\"query-input\":{\"@type\":\"PropertyValueSpecification\",\"valueRequired\":true,\"valueName\":\"search_term_string\"}}],\"inLanguage\":\"de\"},{\"@type\":\"Organization\",\"@id\":\"https:\\\/\\\/websites.fraunhofer.de\\\/staedtischeagrikultur\\\/#organization\",\"name\":\"St\u00e4dtische Agrikultur\",\"url\":\"https:\\\/\\\/websites.fraunhofer.de\\\/staedtischeagrikultur\\\/\",\"logo\":{\"@type\":\"ImageObject\",\"inLanguage\":\"de\",\"@id\":\"https:\\\/\\\/websites.fraunhofer.de\\\/staedtischeagrikultur\\\/#\\\/schema\\\/logo\\\/image\\\/\",\"url\":\"https:\\\/\\\/staedtische-agrikultur.de\\\/wp-content\\\/uploads\\\/2017\\\/10\\\/SAIN-Logo_V4_N-k\u00fcrzer_edit-170831_Fraunhofer-Gr\u00fcn.png\",\"contentUrl\":\"https:\\\/\\\/staedtische-agrikultur.de\\\/wp-content\\\/uploads\\\/2017\\\/10\\\/SAIN-Logo_V4_N-k\u00fcrzer_edit-170831_Fraunhofer-Gr\u00fcn.png\",\"width\":1666,\"height\":1666,\"caption\":\"St\u00e4dtische Agrikultur\"},\"image\":{\"@id\":\"https:\\\/\\\/websites.fraunhofer.de\\\/staedtischeagrikultur\\\/#\\\/schema\\\/logo\\\/image\\\/\"},\"sameAs\":[\"https:\\\/\\\/www.facebook.com\\\/SAINagrikultur\\\/\",\"https:\\\/\\\/www.youtube.com\\\/channel\\\/UCeFQ74xB7C6-DHKwI1k9E3Q\"]},{\"@type\":\"Person\",\"@id\":\"https:\\\/\\\/websites.fraunhofer.de\\\/staedtischeagrikultur\\\/#\\\/schema\\\/person\\\/5b7a66c242b6b973dec8de1bc035adbc\",\"name\":\"Simone Krause\",\"image\":{\"@type\":\"ImageObject\",\"inLanguage\":\"de\",\"@id\":\"https:\\\/\\\/secure.gravatar.com\\\/avatar\\\/0546ebc44bf0b0b6b12c915888d5ec5d412cef0ff227428a61e0db1b146728a0?s=96&d=mm&r=g\",\"url\":\"https:\\\/\\\/secure.gravatar.com\\\/avatar\\\/0546ebc44bf0b0b6b12c915888d5ec5d412cef0ff227428a61e0db1b146728a0?s=96&d=mm&r=g\",\"contentUrl\":\"https:\\\/\\\/secure.gravatar.com\\\/avatar\\\/0546ebc44bf0b0b6b12c915888d5ec5d412cef0ff227428a61e0db1b146728a0?s=96&d=mm&r=g\",\"caption\":\"Simone Krause\"},\"url\":\"https:\\\/\\\/staedtische-agrikultur.de\\\/index.php\\\/author\\\/krsi\\\/\"}]}<\/script>\n<!-- \/ Yoast SEO plugin. -->","yoast_head_json":{"title":"Gelungenes Agrikulturfestival - SAIN Pavillon gut besucht - St\u00e4dtische Agrikultur","robots":{"index":"index","follow":"follow","max-snippet":"max-snippet:-1","max-image-preview":"max-image-preview:large","max-video-preview":"max-video-preview:-1"},"canonical":"https:\/\/websites.fraunhofer.de\/staedtischeagrikultur\/index.php\/gelungenes-agrikulturfestival-sain-pavillon-gut-besucht\/","og_locale":"de_DE","og_type":"article","og_title":"Gelungenes Agrikulturfestival - SAIN Pavillon gut besucht - St\u00e4dtische Agrikultur","og_description":"Bonner Agrikulturfestival am M\u00fcnsterplatz Fotos: Simone Kause, Fraunhofer UMSICHT, Martin Muno Das B\u00fcrgerforschungsprojekt SAIN pr\u00e4sentierte sich am Samstag auf dem Bonner Agrikulturfestival am M\u00fcnsterplatz. Der Zulauf war rege, wie auch die verschiedenen Diskussionen. Neben den selbst gebauten Rinnen f\u00fcr eine Pflanzenkultivierung mit Bew\u00e4sserung und Messsystemen stellte u. a. fungial die Pilzzucht in den eigenen W\u00e4nden [&hellip;]","og_url":"https:\/\/websites.fraunhofer.de\/staedtischeagrikultur\/index.php\/gelungenes-agrikulturfestival-sain-pavillon-gut-besucht\/","og_site_name":"St\u00e4dtische Agrikultur","article_publisher":"https:\/\/www.facebook.com\/SAINagrikultur\/","article_published_time":"2019-09-30T11:26:38+00:00","article_modified_time":"2019-10-09T09:51:07+00:00","og_image":[{"width":2016,"height":1512,"url":"https:\/\/websites.fraunhofer.de\/staedtischeagrikultur\/wp-content\/uploads\/2019\/09\/IMG_1729-1-e1569841442539.jpg","type":"image\/jpeg"}],"author":"Simone Krause","twitter_card":"summary_large_image","twitter_misc":{"Verfasst von":"Simone Krause","Gesch\u00e4tzte Lesezeit":"4\u00a0Minuten"},"schema":{"@context":"https:\/\/schema.org","@graph":[{"@type":"Article","@id":"https:\/\/websites.fraunhofer.de\/staedtischeagrikultur\/index.php\/gelungenes-agrikulturfestival-sain-pavillon-gut-besucht\/#article","isPartOf":{"@id":"https:\/\/websites.fraunhofer.de\/staedtischeagrikultur\/index.php\/gelungenes-agrikulturfestival-sain-pavillon-gut-besucht\/"},"author":{"name":"Simone Krause","@id":"https:\/\/websites.fraunhofer.de\/staedtischeagrikultur\/#\/schema\/person\/5b7a66c242b6b973dec8de1bc035adbc"},"headline":"Gelungenes Agrikulturfestival &#8211; SAIN Pavillon gut besucht","datePublished":"2019-09-30T11:26:38+00:00","dateModified":"2019-10-09T09:51:07+00:00","mainEntityOfPage":{"@id":"https:\/\/websites.fraunhofer.de\/staedtischeagrikultur\/index.php\/gelungenes-agrikulturfestival-sain-pavillon-gut-besucht\/"},"wordCount":819,"publisher":{"@id":"https:\/\/websites.fraunhofer.de\/staedtischeagrikultur\/#organization"},"image":{"@id":"https:\/\/websites.fraunhofer.de\/staedtischeagrikultur\/index.php\/gelungenes-agrikulturfestival-sain-pavillon-gut-besucht\/#primaryimage"},"thumbnailUrl":"https:\/\/staedtische-agrikultur.de\/wp-content\/uploads\/2019\/09\/IMG_1729-1-e1569841442539.jpg","articleSection":["SAIN-Blog"],"inLanguage":"de"},{"@type":"WebPage","@id":"https:\/\/websites.fraunhofer.de\/staedtischeagrikultur\/index.php\/gelungenes-agrikulturfestival-sain-pavillon-gut-besucht\/","url":"https:\/\/websites.fraunhofer.de\/staedtischeagrikultur\/index.php\/gelungenes-agrikulturfestival-sain-pavillon-gut-besucht\/","name":"Gelungenes Agrikulturfestival - SAIN Pavillon gut besucht - St\u00e4dtische Agrikultur","isPartOf":{"@id":"https:\/\/websites.fraunhofer.de\/staedtischeagrikultur\/#website"},"primaryImageOfPage":{"@id":"https:\/\/websites.fraunhofer.de\/staedtischeagrikultur\/index.php\/gelungenes-agrikulturfestival-sain-pavillon-gut-besucht\/#primaryimage"},"image":{"@id":"https:\/\/websites.fraunhofer.de\/staedtischeagrikultur\/index.php\/gelungenes-agrikulturfestival-sain-pavillon-gut-besucht\/#primaryimage"},"thumbnailUrl":"https:\/\/staedtische-agrikultur.de\/wp-content\/uploads\/2019\/09\/IMG_1729-1-e1569841442539.jpg","datePublished":"2019-09-30T11:26:38+00:00","dateModified":"2019-10-09T09:51:07+00:00","breadcrumb":{"@id":"https:\/\/websites.fraunhofer.de\/staedtischeagrikultur\/index.php\/gelungenes-agrikulturfestival-sain-pavillon-gut-besucht\/#breadcrumb"},"inLanguage":"de","potentialAction":[{"@type":"ReadAction","target":["https:\/\/websites.fraunhofer.de\/staedtischeagrikultur\/index.php\/gelungenes-agrikulturfestival-sain-pavillon-gut-besucht\/"]}]},{"@type":"ImageObject","inLanguage":"de","@id":"https:\/\/websites.fraunhofer.de\/staedtischeagrikultur\/index.php\/gelungenes-agrikulturfestival-sain-pavillon-gut-besucht\/#primaryimage","url":"https:\/\/staedtische-agrikultur.de\/wp-content\/uploads\/2019\/09\/IMG_1729-1-e1569841442539.jpg","contentUrl":"https:\/\/staedtische-agrikultur.de\/wp-content\/uploads\/2019\/09\/IMG_1729-1-e1569841442539.jpg","width":2016,"height":1512},{"@type":"BreadcrumbList","@id":"https:\/\/websites.fraunhofer.de\/staedtischeagrikultur\/index.php\/gelungenes-agrikulturfestival-sain-pavillon-gut-besucht\/#breadcrumb","itemListElement":[{"@type":"ListItem","position":1,"name":"Startseite","item":"https:\/\/websites.fraunhofer.de\/staedtischeagrikultur\/"},{"@type":"ListItem","position":2,"name":"Gelungenes Agrikulturfestival &#8211; SAIN Pavillon gut besucht"}]},{"@type":"WebSite","@id":"https:\/\/websites.fraunhofer.de\/staedtischeagrikultur\/#website","url":"https:\/\/websites.fraunhofer.de\/staedtischeagrikultur\/","name":"St\u00e4dtische Agrikultur","description":"SAIN","publisher":{"@id":"https:\/\/websites.fraunhofer.de\/staedtischeagrikultur\/#organization"},"potentialAction":[{"@type":"SearchAction","target":{"@type":"EntryPoint","urlTemplate":"https:\/\/websites.fraunhofer.de\/staedtischeagrikultur\/?s={search_term_string}"},"query-input":{"@type":"PropertyValueSpecification","valueRequired":true,"valueName":"search_term_string"}}],"inLanguage":"de"},{"@type":"Organization","@id":"https:\/\/websites.fraunhofer.de\/staedtischeagrikultur\/#organization","name":"St\u00e4dtische Agrikultur","url":"https:\/\/websites.fraunhofer.de\/staedtischeagrikultur\/","logo":{"@type":"ImageObject","inLanguage":"de","@id":"https:\/\/websites.fraunhofer.de\/staedtischeagrikultur\/#\/schema\/logo\/image\/","url":"https:\/\/staedtische-agrikultur.de\/wp-content\/uploads\/2017\/10\/SAIN-Logo_V4_N-k\u00fcrzer_edit-170831_Fraunhofer-Gr\u00fcn.png","contentUrl":"https:\/\/staedtische-agrikultur.de\/wp-content\/uploads\/2017\/10\/SAIN-Logo_V4_N-k\u00fcrzer_edit-170831_Fraunhofer-Gr\u00fcn.png","width":1666,"height":1666,"caption":"St\u00e4dtische Agrikultur"},"image":{"@id":"https:\/\/websites.fraunhofer.de\/staedtischeagrikultur\/#\/schema\/logo\/image\/"},"sameAs":["https:\/\/www.facebook.com\/SAINagrikultur\/","https:\/\/www.youtube.com\/channel\/UCeFQ74xB7C6-DHKwI1k9E3Q"]},{"@type":"Person","@id":"https:\/\/websites.fraunhofer.de\/staedtischeagrikultur\/#\/schema\/person\/5b7a66c242b6b973dec8de1bc035adbc","name":"Simone Krause","image":{"@type":"ImageObject","inLanguage":"de","@id":"https:\/\/secure.gravatar.com\/avatar\/0546ebc44bf0b0b6b12c915888d5ec5d412cef0ff227428a61e0db1b146728a0?s=96&d=mm&r=g","url":"https:\/\/secure.gravatar.com\/avatar\/0546ebc44bf0b0b6b12c915888d5ec5d412cef0ff227428a61e0db1b146728a0?s=96&d=mm&r=g","contentUrl":"https:\/\/secure.gravatar.com\/avatar\/0546ebc44bf0b0b6b12c915888d5ec5d412cef0ff227428a61e0db1b146728a0?s=96&d=mm&r=g","caption":"Simone Krause"},"url":"https:\/\/staedtische-agrikultur.de\/index.php\/author\/krsi\/"}]}},"_links":{"self":[{"href":"https:\/\/staedtische-agrikultur.de\/index.php\/wp-json\/wp\/v2\/posts\/7195","targetHints":{"allow":["GET"]}}],"collection":[{"href":"https:\/\/staedtische-agrikultur.de\/index.php\/wp-json\/wp\/v2\/posts"}],"about":[{"href":"https:\/\/staedtische-agrikultur.de\/index.php\/wp-json\/wp\/v2\/types\/post"}],"author":[{"embeddable":true,"href":"https:\/\/staedtische-agrikultur.de\/index.php\/wp-json\/wp\/v2\/users\/2"}],"replies":[{"embeddable":true,"href":"https:\/\/staedtische-agrikultur.de\/index.php\/wp-json\/wp\/v2\/comments?post=7195"}],"version-history":[{"count":0,"href":"https:\/\/staedtische-agrikultur.de\/index.php\/wp-json\/wp\/v2\/posts\/7195\/revisions"}],"wp:featuredmedia":[{"embeddable":true,"href":"https:\/\/staedtische-agrikultur.de\/index.php\/wp-json\/wp\/v2\/media\/7204"}],"wp:attachment":[{"href":"https:\/\/staedtische-agrikultur.de\/index.php\/wp-json\/wp\/v2\/media?parent=7195"}],"wp:term":[{"taxonomy":"category","embeddable":true,"href":"https:\/\/staedtische-agrikultur.de\/index.php\/wp-json\/wp\/v2\/categories?post=7195"},{"taxonomy":"post_tag","embeddable":true,"href":"https:\/\/staedtische-agrikultur.de\/index.php\/wp-json\/wp\/v2\/tags?post=7195"}],"curies":[{"name":"wp","href":"https:\/\/api.w.org\/{rel}","templated":true}]}}