{"id":6599,"date":"2019-04-16T16:58:56","date_gmt":"2019-04-16T14:58:56","guid":{"rendered":"https:\/\/websites.fraunhofer.de\/staedtische-agrikultur\/?p=6599"},"modified":"2019-05-21T10:28:54","modified_gmt":"2019-05-21T08:28:54","slug":"am-08-mai-bauen-schueler-in-bonn-ein-autarkes-hochbeet-auf","status":"publish","type":"post","link":"https:\/\/staedtische-agrikultur.de\/index.php\/am-08-mai-bauen-schueler-in-bonn-ein-autarkes-hochbeet-auf\/","title":{"rendered":"08. Mai `19 &#8211; Sch\u00fcler bauen in Bonn ein autarkes Hochbeet auf"},"content":{"rendered":"<p>[et_pb_section bb_built=&#8220;1&#8243; _builder_version=&#8220;3.21.4&#8243; background_color=&#8220;#604a7b &#8222;][et_pb_row _builder_version=&#8220;3.21.4&#8243; background_size=&#8220;initial&#8220; background_position=&#8220;top_left&#8220; background_repeat=&#8220;repeat&#8220;][et_pb_column type=&#8220;1_2&#8243;][et_pb_text text_font_size=&#8220;24px&#8220; _builder_version=&#8220;3.21.4&#8243; text_font=&#8220;||||||||&#8220;]<\/p>\n<h4 class=\"et_pb_module_header et-fb-editable-element et-fb-editable-element__editing\" data-shortcode-id=\"0.0.0.0-1555597745850\" data-quickaccess-id=\"header\" contenteditable=\"true\">Voneinander lernen &#8211; miteinander forschen!<\/h4>\n<p>[\/et_pb_text][et_pb_text _builder_version=&#8220;3.21.4&#8243; text_font=&#8220;||||||||&#8220; text_text_color=&#8220;#ffffff&#8220;]<\/p>\n<p><span style=\"color: #ffffff;\">Der Pilot eines energieautarken Hochbeetes wurde in der Urban Gardening Initiative StadtFr\u00fcchtchen Bonn aufgestellt. Weitere Informationen finden Sie hier:<a style=\"color: #ffffff;\" href=\"https:\/\/staedtische-agrikultur.de\/index.php\/hochbeetbau-in-bonn-und-oberhausen\/\"> https:\/\/staedtische-agrikultur.de\/index.php\/hochbeetbau-in-bonn-und-oberhausen\/<\/a><\/span><\/p>\n<p><span style=\"color: #ffffff;\">Nun bauen Sch\u00fcler zusammen mit dem p\u00e4dagogisch ausgebildeten Schreiner in der Waldorfschule Tannenbusch e.V. ein weiteres Hochbeet auf und forschen parallel zu den StadtFr\u00fcchtchen und in Begleitung der Agraringenieurin und G\u00e4rtnerin der Schule, des Ingenieurs G. Reisinger sowie des SAIN-Projekt-Teams. Auch hier wird es um den Vergleich zu einem offenen Hochbeet gehen. INteressant ist, ob autarke Hochbeete weniger Wasser und Arbeitszeit brauchen bei gleichbleibenden oder besseren Ertr\u00e4gen.<\/span><\/p>\n<p>[\/et_pb_text][et_pb_divider show_divider=&#8220;on&#8220; divider_position=&#8220;center&#8220; divider_weight=&#8220;4px&#8220; height=&#8220;10px&#8220; _builder_version=&#8220;3.0.76&#8243; saved_tabs=&#8220;all&#8220; divider_style=&#8220;solid&#8220; \/][et_pb_blurb title=&#8220;Zum Kontaktformular&#8220; url=&#8220;https:\/\/staedtische-agrikultur.de\/index.php\/kontakt&#8220; use_icon=&#8220;on&#8220; font_icon=&#8220;%%75%%&#8220; icon_placement=&#8220;left&#8220; content_max_width=&#8220;1000px&#8220; image_max_width_last_edited=&#8220;on|desktop&#8220; content_max_width_last_edited=&#8220;on|desktop&#8220; _builder_version=&#8220;3.21.4&#8243; header_font_size=&#8220;24px&#8220; header_text_color=&#8220;#ffffff&#8220; header_line_height=&#8220;1.2em&#8220; body_font=&#8220;Comfortaa||||&#8220; body_text_align=&#8220;left&#8220; body_font_size=&#8220;12px&#8220; body_text_color=&#8220;#000000&#8243; max_width_last_edited=&#8220;on|desktop&#8220; module_alignment=&#8220;right&#8220; custom_margin=&#8220;0px|||&#8220; custom_padding=&#8220;0px|||&#8220; animation_style=&#8220;fold&#8220; saved_tabs=&#8220;all&#8220; z_index_tablet=&#8220;500&#8243; \/][\/et_pb_column][et_pb_column type=&#8220;1_2&#8243;][et_pb_image src=&#8220;https:\/\/staedtische-agrikultur.de\/wp-content\/uploads\/2019\/03\/Tensiometer.jpg&#8220; _builder_version=&#8220;3.21.4&#8243; z_index_tablet=&#8220;500&#8243;]<\/p>\n<p><\/p>\n<p>[\/et_pb_image][et_pb_image src=&#8220;https:\/\/staedtische-agrikultur.de\/wp-content\/uploads\/2019\/03\/Aufbau-der-Seitenteile.jpg&#8220; _builder_version=&#8220;3.21.4&#8243; z_index_tablet=&#8220;500&#8243;]<\/p>\n<p><\/p>\n<p>[\/et_pb_image][\/et_pb_column][\/et_pb_row][\/et_pb_section]<\/p>\n","protected":false},"excerpt":{"rendered":"<p>Voneinander lernen &#8211; miteinander forschen! Sch\u00fcler bauen nun auch in der Waldorfschule ein autarkes Hochbeet auf.<\/p>\n","protected":false},"author":3,"featured_media":6608,"comment_status":"closed","ping_status":"closed","sticky":false,"template":"","format":"standard","meta":{"_et_pb_use_builder":"on","_et_pb_old_content":"","_et_gb_content_width":"","footnotes":""},"categories":[4],"tags":[],"class_list":["post-6599","post","type-post","status-publish","format-standard","has-post-thumbnail","hentry","category-sain-blog"],"yoast_head":"<!-- This site is optimized with the Yoast SEO plugin v27.5 - https:\/\/yoast.com\/product\/yoast-seo-wordpress\/ -->\n<title>08. Mai `19 - Sch\u00fcler bauen in Bonn ein autarkes Hochbeet auf - St\u00e4dtische Agrikultur<\/title>\n<meta name=\"robots\" content=\"index, follow, max-snippet:-1, max-image-preview:large, max-video-preview:-1\" \/>\n<link rel=\"canonical\" href=\"https:\/\/websites.fraunhofer.de\/staedtischeagrikultur\/index.php\/am-08-mai-bauen-schueler-in-bonn-ein-autarkes-hochbeet-auf\/\" \/>\n<meta property=\"og:locale\" content=\"de_DE\" \/>\n<meta property=\"og:type\" content=\"article\" \/>\n<meta property=\"og:title\" content=\"08. Mai `19 - Sch\u00fcler bauen in Bonn ein autarkes Hochbeet auf - St\u00e4dtische Agrikultur\" \/>\n<meta property=\"og:description\" content=\"Voneinander lernen - miteinander forschen! Sch\u00fcler bauen nun auch in der Waldorfschule ein autarkes Hochbeet auf.\" \/>\n<meta property=\"og:url\" content=\"https:\/\/websites.fraunhofer.de\/staedtischeagrikultur\/index.php\/am-08-mai-bauen-schueler-in-bonn-ein-autarkes-hochbeet-auf\/\" \/>\n<meta property=\"og:site_name\" content=\"St\u00e4dtische Agrikultur\" \/>\n<meta property=\"article:publisher\" content=\"https:\/\/www.facebook.com\/SAINagrikultur\/\" \/>\n<meta property=\"article:published_time\" content=\"2019-04-16T14:58:56+00:00\" \/>\n<meta property=\"article:modified_time\" content=\"2019-05-21T08:28:54+00:00\" \/>\n<meta property=\"og:image\" content=\"https:\/\/websites.fraunhofer.de\/staedtischeagrikultur\/wp-content\/uploads\/2019\/04\/AML3.jpg\" \/>\n\t<meta property=\"og:image:width\" content=\"2016\" \/>\n\t<meta property=\"og:image:height\" content=\"1512\" \/>\n\t<meta property=\"og:image:type\" content=\"image\/jpeg\" \/>\n<meta name=\"author\" content=\"Andrea Muno-Lindenau\" \/>\n<meta name=\"twitter:card\" content=\"summary_large_image\" \/>\n<meta name=\"twitter:label1\" content=\"Verfasst von\" \/>\n\t<meta name=\"twitter:data1\" content=\"Andrea Muno-Lindenau\" \/>\n\t<meta name=\"twitter:label2\" content=\"Gesch\u00e4tzte Lesezeit\" \/>\n\t<meta name=\"twitter:data2\" content=\"2\u00a0Minuten\" \/>\n<script type=\"application\/ld+json\" class=\"yoast-schema-graph\">{\"@context\":\"https:\\\/\\\/schema.org\",\"@graph\":[{\"@type\":\"Article\",\"@id\":\"https:\\\/\\\/websites.fraunhofer.de\\\/staedtischeagrikultur\\\/index.php\\\/am-08-mai-bauen-schueler-in-bonn-ein-autarkes-hochbeet-auf\\\/#article\",\"isPartOf\":{\"@id\":\"https:\\\/\\\/websites.fraunhofer.de\\\/staedtischeagrikultur\\\/index.php\\\/am-08-mai-bauen-schueler-in-bonn-ein-autarkes-hochbeet-auf\\\/\"},\"author\":{\"name\":\"Andrea Muno-Lindenau\",\"@id\":\"https:\\\/\\\/websites.fraunhofer.de\\\/staedtischeagrikultur\\\/#\\\/schema\\\/person\\\/dabcba7ebe182bc56fb449c9ef5ae58c\"},\"headline\":\"08. Mai `19 &#8211; Sch\u00fcler bauen in Bonn ein autarkes Hochbeet auf\",\"datePublished\":\"2019-04-16T14:58:56+00:00\",\"dateModified\":\"2019-05-21T08:28:54+00:00\",\"mainEntityOfPage\":{\"@id\":\"https:\\\/\\\/websites.fraunhofer.de\\\/staedtischeagrikultur\\\/index.php\\\/am-08-mai-bauen-schueler-in-bonn-ein-autarkes-hochbeet-auf\\\/\"},\"wordCount\":340,\"publisher\":{\"@id\":\"https:\\\/\\\/websites.fraunhofer.de\\\/staedtischeagrikultur\\\/#organization\"},\"image\":{\"@id\":\"https:\\\/\\\/websites.fraunhofer.de\\\/staedtischeagrikultur\\\/index.php\\\/am-08-mai-bauen-schueler-in-bonn-ein-autarkes-hochbeet-auf\\\/#primaryimage\"},\"thumbnailUrl\":\"https:\\\/\\\/staedtische-agrikultur.de\\\/wp-content\\\/uploads\\\/2019\\\/04\\\/AML3.jpg\",\"articleSection\":[\"SAIN-Blog\"],\"inLanguage\":\"de\"},{\"@type\":\"WebPage\",\"@id\":\"https:\\\/\\\/websites.fraunhofer.de\\\/staedtischeagrikultur\\\/index.php\\\/am-08-mai-bauen-schueler-in-bonn-ein-autarkes-hochbeet-auf\\\/\",\"url\":\"https:\\\/\\\/websites.fraunhofer.de\\\/staedtischeagrikultur\\\/index.php\\\/am-08-mai-bauen-schueler-in-bonn-ein-autarkes-hochbeet-auf\\\/\",\"name\":\"08. Mai `19 - Sch\u00fcler bauen in Bonn ein autarkes Hochbeet auf - St\u00e4dtische Agrikultur\",\"isPartOf\":{\"@id\":\"https:\\\/\\\/websites.fraunhofer.de\\\/staedtischeagrikultur\\\/#website\"},\"primaryImageOfPage\":{\"@id\":\"https:\\\/\\\/websites.fraunhofer.de\\\/staedtischeagrikultur\\\/index.php\\\/am-08-mai-bauen-schueler-in-bonn-ein-autarkes-hochbeet-auf\\\/#primaryimage\"},\"image\":{\"@id\":\"https:\\\/\\\/websites.fraunhofer.de\\\/staedtischeagrikultur\\\/index.php\\\/am-08-mai-bauen-schueler-in-bonn-ein-autarkes-hochbeet-auf\\\/#primaryimage\"},\"thumbnailUrl\":\"https:\\\/\\\/staedtische-agrikultur.de\\\/wp-content\\\/uploads\\\/2019\\\/04\\\/AML3.jpg\",\"datePublished\":\"2019-04-16T14:58:56+00:00\",\"dateModified\":\"2019-05-21T08:28:54+00:00\",\"breadcrumb\":{\"@id\":\"https:\\\/\\\/websites.fraunhofer.de\\\/staedtischeagrikultur\\\/index.php\\\/am-08-mai-bauen-schueler-in-bonn-ein-autarkes-hochbeet-auf\\\/#breadcrumb\"},\"inLanguage\":\"de\",\"potentialAction\":[{\"@type\":\"ReadAction\",\"target\":[\"https:\\\/\\\/websites.fraunhofer.de\\\/staedtischeagrikultur\\\/index.php\\\/am-08-mai-bauen-schueler-in-bonn-ein-autarkes-hochbeet-auf\\\/\"]}]},{\"@type\":\"ImageObject\",\"inLanguage\":\"de\",\"@id\":\"https:\\\/\\\/websites.fraunhofer.de\\\/staedtischeagrikultur\\\/index.php\\\/am-08-mai-bauen-schueler-in-bonn-ein-autarkes-hochbeet-auf\\\/#primaryimage\",\"url\":\"https:\\\/\\\/staedtische-agrikultur.de\\\/wp-content\\\/uploads\\\/2019\\\/04\\\/AML3.jpg\",\"contentUrl\":\"https:\\\/\\\/staedtische-agrikultur.de\\\/wp-content\\\/uploads\\\/2019\\\/04\\\/AML3.jpg\",\"width\":2016,\"height\":1512},{\"@type\":\"BreadcrumbList\",\"@id\":\"https:\\\/\\\/websites.fraunhofer.de\\\/staedtischeagrikultur\\\/index.php\\\/am-08-mai-bauen-schueler-in-bonn-ein-autarkes-hochbeet-auf\\\/#breadcrumb\",\"itemListElement\":[{\"@type\":\"ListItem\",\"position\":1,\"name\":\"Startseite\",\"item\":\"https:\\\/\\\/websites.fraunhofer.de\\\/staedtischeagrikultur\\\/\"},{\"@type\":\"ListItem\",\"position\":2,\"name\":\"08. Mai `19 &#8211; Sch\u00fcler bauen in Bonn ein autarkes Hochbeet auf\"}]},{\"@type\":\"WebSite\",\"@id\":\"https:\\\/\\\/websites.fraunhofer.de\\\/staedtischeagrikultur\\\/#website\",\"url\":\"https:\\\/\\\/websites.fraunhofer.de\\\/staedtischeagrikultur\\\/\",\"name\":\"St\u00e4dtische Agrikultur\",\"description\":\"SAIN\",\"publisher\":{\"@id\":\"https:\\\/\\\/websites.fraunhofer.de\\\/staedtischeagrikultur\\\/#organization\"},\"potentialAction\":[{\"@type\":\"SearchAction\",\"target\":{\"@type\":\"EntryPoint\",\"urlTemplate\":\"https:\\\/\\\/websites.fraunhofer.de\\\/staedtischeagrikultur\\\/?s={search_term_string}\"},\"query-input\":{\"@type\":\"PropertyValueSpecification\",\"valueRequired\":true,\"valueName\":\"search_term_string\"}}],\"inLanguage\":\"de\"},{\"@type\":\"Organization\",\"@id\":\"https:\\\/\\\/websites.fraunhofer.de\\\/staedtischeagrikultur\\\/#organization\",\"name\":\"St\u00e4dtische Agrikultur\",\"url\":\"https:\\\/\\\/websites.fraunhofer.de\\\/staedtischeagrikultur\\\/\",\"logo\":{\"@type\":\"ImageObject\",\"inLanguage\":\"de\",\"@id\":\"https:\\\/\\\/websites.fraunhofer.de\\\/staedtischeagrikultur\\\/#\\\/schema\\\/logo\\\/image\\\/\",\"url\":\"https:\\\/\\\/staedtische-agrikultur.de\\\/wp-content\\\/uploads\\\/2017\\\/10\\\/SAIN-Logo_V4_N-k\u00fcrzer_edit-170831_Fraunhofer-Gr\u00fcn.png\",\"contentUrl\":\"https:\\\/\\\/staedtische-agrikultur.de\\\/wp-content\\\/uploads\\\/2017\\\/10\\\/SAIN-Logo_V4_N-k\u00fcrzer_edit-170831_Fraunhofer-Gr\u00fcn.png\",\"width\":1666,\"height\":1666,\"caption\":\"St\u00e4dtische Agrikultur\"},\"image\":{\"@id\":\"https:\\\/\\\/websites.fraunhofer.de\\\/staedtischeagrikultur\\\/#\\\/schema\\\/logo\\\/image\\\/\"},\"sameAs\":[\"https:\\\/\\\/www.facebook.com\\\/SAINagrikultur\\\/\",\"https:\\\/\\\/www.youtube.com\\\/channel\\\/UCeFQ74xB7C6-DHKwI1k9E3Q\"]},{\"@type\":\"Person\",\"@id\":\"https:\\\/\\\/websites.fraunhofer.de\\\/staedtischeagrikultur\\\/#\\\/schema\\\/person\\\/dabcba7ebe182bc56fb449c9ef5ae58c\",\"name\":\"Andrea Muno-Lindenau\",\"image\":{\"@type\":\"ImageObject\",\"inLanguage\":\"de\",\"@id\":\"https:\\\/\\\/secure.gravatar.com\\\/avatar\\\/279ed24d24faaba674af2e8d81fd7d3762aae302bf6d13b04adedd744dd4f7bd?s=96&d=mm&r=g\",\"url\":\"https:\\\/\\\/secure.gravatar.com\\\/avatar\\\/279ed24d24faaba674af2e8d81fd7d3762aae302bf6d13b04adedd744dd4f7bd?s=96&d=mm&r=g\",\"contentUrl\":\"https:\\\/\\\/secure.gravatar.com\\\/avatar\\\/279ed24d24faaba674af2e8d81fd7d3762aae302bf6d13b04adedd744dd4f7bd?s=96&d=mm&r=g\",\"caption\":\"Andrea Muno-Lindenau\"},\"url\":\"https:\\\/\\\/staedtische-agrikultur.de\\\/index.php\\\/author\\\/andrea\\\/\"}]}<\/script>\n<!-- \/ Yoast SEO plugin. -->","yoast_head_json":{"title":"08. Mai `19 - Sch\u00fcler bauen in Bonn ein autarkes Hochbeet auf - St\u00e4dtische Agrikultur","robots":{"index":"index","follow":"follow","max-snippet":"max-snippet:-1","max-image-preview":"max-image-preview:large","max-video-preview":"max-video-preview:-1"},"canonical":"https:\/\/websites.fraunhofer.de\/staedtischeagrikultur\/index.php\/am-08-mai-bauen-schueler-in-bonn-ein-autarkes-hochbeet-auf\/","og_locale":"de_DE","og_type":"article","og_title":"08. Mai `19 - Sch\u00fcler bauen in Bonn ein autarkes Hochbeet auf - St\u00e4dtische Agrikultur","og_description":"Voneinander lernen - miteinander forschen! Sch\u00fcler bauen nun auch in der Waldorfschule ein autarkes Hochbeet auf.","og_url":"https:\/\/websites.fraunhofer.de\/staedtischeagrikultur\/index.php\/am-08-mai-bauen-schueler-in-bonn-ein-autarkes-hochbeet-auf\/","og_site_name":"St\u00e4dtische Agrikultur","article_publisher":"https:\/\/www.facebook.com\/SAINagrikultur\/","article_published_time":"2019-04-16T14:58:56+00:00","article_modified_time":"2019-05-21T08:28:54+00:00","og_image":[{"width":2016,"height":1512,"url":"https:\/\/websites.fraunhofer.de\/staedtischeagrikultur\/wp-content\/uploads\/2019\/04\/AML3.jpg","type":"image\/jpeg"}],"author":"Andrea Muno-Lindenau","twitter_card":"summary_large_image","twitter_misc":{"Verfasst von":"Andrea Muno-Lindenau","Gesch\u00e4tzte Lesezeit":"2\u00a0Minuten"},"schema":{"@context":"https:\/\/schema.org","@graph":[{"@type":"Article","@id":"https:\/\/websites.fraunhofer.de\/staedtischeagrikultur\/index.php\/am-08-mai-bauen-schueler-in-bonn-ein-autarkes-hochbeet-auf\/#article","isPartOf":{"@id":"https:\/\/websites.fraunhofer.de\/staedtischeagrikultur\/index.php\/am-08-mai-bauen-schueler-in-bonn-ein-autarkes-hochbeet-auf\/"},"author":{"name":"Andrea Muno-Lindenau","@id":"https:\/\/websites.fraunhofer.de\/staedtischeagrikultur\/#\/schema\/person\/dabcba7ebe182bc56fb449c9ef5ae58c"},"headline":"08. Mai `19 &#8211; Sch\u00fcler bauen in Bonn ein autarkes Hochbeet auf","datePublished":"2019-04-16T14:58:56+00:00","dateModified":"2019-05-21T08:28:54+00:00","mainEntityOfPage":{"@id":"https:\/\/websites.fraunhofer.de\/staedtischeagrikultur\/index.php\/am-08-mai-bauen-schueler-in-bonn-ein-autarkes-hochbeet-auf\/"},"wordCount":340,"publisher":{"@id":"https:\/\/websites.fraunhofer.de\/staedtischeagrikultur\/#organization"},"image":{"@id":"https:\/\/websites.fraunhofer.de\/staedtischeagrikultur\/index.php\/am-08-mai-bauen-schueler-in-bonn-ein-autarkes-hochbeet-auf\/#primaryimage"},"thumbnailUrl":"https:\/\/staedtische-agrikultur.de\/wp-content\/uploads\/2019\/04\/AML3.jpg","articleSection":["SAIN-Blog"],"inLanguage":"de"},{"@type":"WebPage","@id":"https:\/\/websites.fraunhofer.de\/staedtischeagrikultur\/index.php\/am-08-mai-bauen-schueler-in-bonn-ein-autarkes-hochbeet-auf\/","url":"https:\/\/websites.fraunhofer.de\/staedtischeagrikultur\/index.php\/am-08-mai-bauen-schueler-in-bonn-ein-autarkes-hochbeet-auf\/","name":"08. Mai `19 - Sch\u00fcler bauen in Bonn ein autarkes Hochbeet auf - St\u00e4dtische Agrikultur","isPartOf":{"@id":"https:\/\/websites.fraunhofer.de\/staedtischeagrikultur\/#website"},"primaryImageOfPage":{"@id":"https:\/\/websites.fraunhofer.de\/staedtischeagrikultur\/index.php\/am-08-mai-bauen-schueler-in-bonn-ein-autarkes-hochbeet-auf\/#primaryimage"},"image":{"@id":"https:\/\/websites.fraunhofer.de\/staedtischeagrikultur\/index.php\/am-08-mai-bauen-schueler-in-bonn-ein-autarkes-hochbeet-auf\/#primaryimage"},"thumbnailUrl":"https:\/\/staedtische-agrikultur.de\/wp-content\/uploads\/2019\/04\/AML3.jpg","datePublished":"2019-04-16T14:58:56+00:00","dateModified":"2019-05-21T08:28:54+00:00","breadcrumb":{"@id":"https:\/\/websites.fraunhofer.de\/staedtischeagrikultur\/index.php\/am-08-mai-bauen-schueler-in-bonn-ein-autarkes-hochbeet-auf\/#breadcrumb"},"inLanguage":"de","potentialAction":[{"@type":"ReadAction","target":["https:\/\/websites.fraunhofer.de\/staedtischeagrikultur\/index.php\/am-08-mai-bauen-schueler-in-bonn-ein-autarkes-hochbeet-auf\/"]}]},{"@type":"ImageObject","inLanguage":"de","@id":"https:\/\/websites.fraunhofer.de\/staedtischeagrikultur\/index.php\/am-08-mai-bauen-schueler-in-bonn-ein-autarkes-hochbeet-auf\/#primaryimage","url":"https:\/\/staedtische-agrikultur.de\/wp-content\/uploads\/2019\/04\/AML3.jpg","contentUrl":"https:\/\/staedtische-agrikultur.de\/wp-content\/uploads\/2019\/04\/AML3.jpg","width":2016,"height":1512},{"@type":"BreadcrumbList","@id":"https:\/\/websites.fraunhofer.de\/staedtischeagrikultur\/index.php\/am-08-mai-bauen-schueler-in-bonn-ein-autarkes-hochbeet-auf\/#breadcrumb","itemListElement":[{"@type":"ListItem","position":1,"name":"Startseite","item":"https:\/\/websites.fraunhofer.de\/staedtischeagrikultur\/"},{"@type":"ListItem","position":2,"name":"08. Mai `19 &#8211; Sch\u00fcler bauen in Bonn ein autarkes Hochbeet auf"}]},{"@type":"WebSite","@id":"https:\/\/websites.fraunhofer.de\/staedtischeagrikultur\/#website","url":"https:\/\/websites.fraunhofer.de\/staedtischeagrikultur\/","name":"St\u00e4dtische Agrikultur","description":"SAIN","publisher":{"@id":"https:\/\/websites.fraunhofer.de\/staedtischeagrikultur\/#organization"},"potentialAction":[{"@type":"SearchAction","target":{"@type":"EntryPoint","urlTemplate":"https:\/\/websites.fraunhofer.de\/staedtischeagrikultur\/?s={search_term_string}"},"query-input":{"@type":"PropertyValueSpecification","valueRequired":true,"valueName":"search_term_string"}}],"inLanguage":"de"},{"@type":"Organization","@id":"https:\/\/websites.fraunhofer.de\/staedtischeagrikultur\/#organization","name":"St\u00e4dtische Agrikultur","url":"https:\/\/websites.fraunhofer.de\/staedtischeagrikultur\/","logo":{"@type":"ImageObject","inLanguage":"de","@id":"https:\/\/websites.fraunhofer.de\/staedtischeagrikultur\/#\/schema\/logo\/image\/","url":"https:\/\/staedtische-agrikultur.de\/wp-content\/uploads\/2017\/10\/SAIN-Logo_V4_N-k\u00fcrzer_edit-170831_Fraunhofer-Gr\u00fcn.png","contentUrl":"https:\/\/staedtische-agrikultur.de\/wp-content\/uploads\/2017\/10\/SAIN-Logo_V4_N-k\u00fcrzer_edit-170831_Fraunhofer-Gr\u00fcn.png","width":1666,"height":1666,"caption":"St\u00e4dtische Agrikultur"},"image":{"@id":"https:\/\/websites.fraunhofer.de\/staedtischeagrikultur\/#\/schema\/logo\/image\/"},"sameAs":["https:\/\/www.facebook.com\/SAINagrikultur\/","https:\/\/www.youtube.com\/channel\/UCeFQ74xB7C6-DHKwI1k9E3Q"]},{"@type":"Person","@id":"https:\/\/websites.fraunhofer.de\/staedtischeagrikultur\/#\/schema\/person\/dabcba7ebe182bc56fb449c9ef5ae58c","name":"Andrea Muno-Lindenau","image":{"@type":"ImageObject","inLanguage":"de","@id":"https:\/\/secure.gravatar.com\/avatar\/279ed24d24faaba674af2e8d81fd7d3762aae302bf6d13b04adedd744dd4f7bd?s=96&d=mm&r=g","url":"https:\/\/secure.gravatar.com\/avatar\/279ed24d24faaba674af2e8d81fd7d3762aae302bf6d13b04adedd744dd4f7bd?s=96&d=mm&r=g","contentUrl":"https:\/\/secure.gravatar.com\/avatar\/279ed24d24faaba674af2e8d81fd7d3762aae302bf6d13b04adedd744dd4f7bd?s=96&d=mm&r=g","caption":"Andrea Muno-Lindenau"},"url":"https:\/\/staedtische-agrikultur.de\/index.php\/author\/andrea\/"}]}},"_links":{"self":[{"href":"https:\/\/staedtische-agrikultur.de\/index.php\/wp-json\/wp\/v2\/posts\/6599","targetHints":{"allow":["GET"]}}],"collection":[{"href":"https:\/\/staedtische-agrikultur.de\/index.php\/wp-json\/wp\/v2\/posts"}],"about":[{"href":"https:\/\/staedtische-agrikultur.de\/index.php\/wp-json\/wp\/v2\/types\/post"}],"author":[{"embeddable":true,"href":"https:\/\/staedtische-agrikultur.de\/index.php\/wp-json\/wp\/v2\/users\/3"}],"replies":[{"embeddable":true,"href":"https:\/\/staedtische-agrikultur.de\/index.php\/wp-json\/wp\/v2\/comments?post=6599"}],"version-history":[{"count":0,"href":"https:\/\/staedtische-agrikultur.de\/index.php\/wp-json\/wp\/v2\/posts\/6599\/revisions"}],"wp:featuredmedia":[{"embeddable":true,"href":"https:\/\/staedtische-agrikultur.de\/index.php\/wp-json\/wp\/v2\/media\/6608"}],"wp:attachment":[{"href":"https:\/\/staedtische-agrikultur.de\/index.php\/wp-json\/wp\/v2\/media?parent=6599"}],"wp:term":[{"taxonomy":"category","embeddable":true,"href":"https:\/\/staedtische-agrikultur.de\/index.php\/wp-json\/wp\/v2\/categories?post=6599"},{"taxonomy":"post_tag","embeddable":true,"href":"https:\/\/staedtische-agrikultur.de\/index.php\/wp-json\/wp\/v2\/tags?post=6599"}],"curies":[{"name":"wp","href":"https:\/\/api.w.org\/{rel}","templated":true}]}}