{"id":5353,"date":"2018-11-10T17:59:45","date_gmt":"2018-11-10T16:59:45","guid":{"rendered":"https:\/\/websites.fraunhofer.de\/staedtische-agrikultur\/?p=5353"},"modified":"2019-05-21T10:39:40","modified_gmt":"2019-05-21T08:39:40","slug":"einweihung-des-speisepilzgartens-am-haus-ripshorst-in-oberhausen","status":"publish","type":"post","link":"https:\/\/staedtische-agrikultur.de\/index.php\/einweihung-des-speisepilzgartens-am-haus-ripshorst-in-oberhausen\/","title":{"rendered":"Einweihung des Speisepilzgartens am Haus Ripshorst in Oberhausen"},"content":{"rendered":"<p>[et_pb_section fb_built=&#8220;1&#8243; _builder_version=&#8220;3.17.6&#8243; background_color=&#8220;#604a7b&#8220;][et_pb_row _builder_version=&#8220;3.17.6&#8243;][et_pb_column type=&#8220;1_2&#8243; _builder_version=&#8220;3.0.47&#8243;][et_pb_text _builder_version=&#8220;3.21.4&#8243;]<\/p>\n<h4>Am 30. Oktober 2018 wurde am Haus Ripshorst in Oberhausen der Speisepilzgarten er\u00f6ffnet<\/h4>\n<p>Fotos: Leandra Hamann, Fraunhofer UMSICHT<\/p>\n<p>&nbsp;<\/p>\n<p>Bereits w\u00e4hrend der Auftaktversanstaltung des B\u00fcrgerforschungsprojektes SAIN wurden in einem kleinen Pilzworkshop im<span style=\"color: #ffffff;\"><strong> <\/strong><\/span>RVR-Besucherzentrum des Emscher Landschaftsparks im Haus Ripshorst Baumst\u00e4mme mit Pilzbrut geimpft. Im Oktober war dann so weit, dass die Baumst\u00e4mme neben dem Haus Ripshorst aufgestellt wurden, wo sie, zusammen mit einem Pilzbeet, den Speisepilzgarten bilden. Hier sprie\u00dfen nun in der feuchten und k\u00fchlen Zeit des Jahres leckere Speisepilze zum Selberernten. Ein brandneues Schild zeugt den Pilzgarten-Besuchern, welche Sorten dort wachsen, woran sie zu erkennen und wof\u00fcr sie bekannt sind.<\/p>\n<p>W\u00e4hrend der Einweihung am 30. Oktober 2018 wurden die Besucher auf unerschiedliche Weise an das Thema Speisepilze herangef\u00fchrt. Neben der Pilz-Baumst\u00e4mme und dem Pilzbeet im neuen Garten, aus dem nun noch eine Zeit lang Pilze sprie\u00dfen werden, gab es jede Menge weitere kleine Experimentierm\u00f6glichkeiten mit Pilzen, fertige Speisepilze und verarbeitete Pilze in verschiedenen Formen zu bestaunen.<\/p>\n<p>Im n\u00e4chsten Jahr soll der Pilzgarten am Haus Ripshorst um ein weiteres Element, an dem Speisepilze wachsen, erg\u00e4nzt werden. Ein geplanter Pilzworkshop vor Ort soll das Angebot erg\u00e4nzen.<\/p>\n<p>Die Berichte des Bundesministerium f\u00fcr Bildung und Forschung k\u00f6nnen unter folgenden Links abgerufen werden:<br \/> <span style=\"color: #ffffff;\"><strong><a href=\"https:\/\/www.bmbf.de\/de\/citizen-science-stadtfarmer-und-forschende-ernten-pilze-7221.html\" target=\"_blank\" rel=\"noopener noreferrer\" style=\"color: #ffffff; text-decoration: underline;\">Bericht auf der Webseite des BMBF<\/a><\/strong><\/span><br \/> <span style=\"color: #ffffff;\"><strong><a href=\"https:\/\/www.facebook.com\/bmbf.de\/photos\/ms.c.eJxFy8ENACEMA8GOkJ1zcOi~;sZOIgO9olw4Ipgu1UBhsiAY~;kJxpXUBREYrvwtpF5gHOXTDf0sX8AYFZF7I~-.bps.a.1720407054755759\/1720407178089080\/?type=3&amp;theater\" target=\"_blank\" rel=\"noopener noreferrer\" style=\"color: #ffffff; text-decoration: underline;\">Fotoalbum auf der Facebook-Seite des BMBF<\/a><\/strong><\/span><br \/> <span style=\"color: #ffffff;\"><strong><a href=\"https:\/\/twitter.com\/BMBF_Bund\/status\/1057309495196561408\" target=\"_blank\" rel=\"noopener noreferrer\" style=\"color: #ffffff; text-decoration: underline;\">BMBF-Tweet<\/a><\/strong><\/span><\/p>\n<p>[\/et_pb_text][\/et_pb_column][et_pb_column type=&#8220;1_2&#8243; _builder_version=&#8220;3.0.47&#8243;][et_pb_gallery gallery_ids=&#8220;5361,5367,5364,5354,5365,5362,5363,5368,5366&#8243; posts_number=&#8220;8&#8243; show_title_and_caption=&#8220;off&#8220; show_pagination=&#8220;off&#8220; _builder_version=&#8220;3.17.6&#8243;][\/et_pb_gallery][et_pb_divider divider_position=&#8220;center&#8220; divider_weight=&#8220;4px&#8220; height=&#8220;10px&#8220; _builder_version=&#8220;3.17.6&#8243; saved_tabs=&#8220;all&#8220;][\/et_pb_divider][et_pb_blurb title=&#8220;30. Oktober \u201918 \u2013 Einweihung Pilzgarten Oberhausen&#8220; url=&#8220;https:\/\/staedtische-agrikultur.de\/index.php\/30-oktober-18-einweihung-pilzgarten-oberhausen\/&#8220; use_icon=&#8220;on&#8220; font_icon=&#8220;%%128%%&#8220; icon_placement=&#8220;left&#8220; content_max_width=&#8220;1000px&#8220; image_max_width_last_edited=&#8220;on|desktop&#8220; content_max_width_last_edited=&#8220;on|desktop&#8220; _builder_version=&#8220;3.17.6&#8243; header_text_color=&#8220;#ffffff&#8220; header_font_size=&#8220;24px&#8220; header_line_height=&#8220;1.2em&#8220; body_font=&#8220;Comfortaa||||&#8220; body_text_align=&#8220;left&#8220; body_text_color=&#8220;#ffffff&#8220; body_font_size=&#8220;12px&#8220; background_layout=&#8220;dark&#8220; max_width_last_edited=&#8220;on|desktop&#8220; module_alignment=&#8220;right&#8220; custom_margin=&#8220;0px|||&#8220; custom_padding=&#8220;0px|||&#8220; animation_style=&#8220;fold&#8220; saved_tabs=&#8220;all&#8220;][\/et_pb_blurb][et_pb_blurb title=&#8220;Zum Kontaktformular&#8220; url=&#8220;https:\/\/staedtische-agrikultur.de\/index.php\/kontakt&#8220; use_icon=&#8220;on&#8220; font_icon=&#8220;%%75%%&#8220; icon_placement=&#8220;left&#8220; content_max_width=&#8220;1000px&#8220; image_max_width_last_edited=&#8220;on|desktop&#8220; content_max_width_last_edited=&#8220;on|desktop&#8220; _builder_version=&#8220;3.17.6&#8243; header_text_color=&#8220;#ffffff&#8220; header_font_size=&#8220;24px&#8220; header_line_height=&#8220;1.2em&#8220; body_font=&#8220;Comfortaa||||&#8220; body_text_align=&#8220;left&#8220; body_text_color=&#8220;#ffffff&#8220; body_font_size=&#8220;12px&#8220; background_layout=&#8220;dark&#8220; max_width_last_edited=&#8220;on|desktop&#8220; module_alignment=&#8220;right&#8220; custom_margin=&#8220;0px|||&#8220; custom_padding=&#8220;0px|||&#8220; animation_style=&#8220;fold&#8220; saved_tabs=&#8220;all&#8220;][\/et_pb_blurb][\/et_pb_column][\/et_pb_row][\/et_pb_section]<\/p>\n","protected":false},"excerpt":{"rendered":"<p>Am 30. Oktober 2018 wurde am Haus Ripshorst in Oberhausen der Speisepilzgarten er\u00f6ffnet Fotos: Leandra Hamann, Fraunhofer UMSICHT &nbsp; Bereits w\u00e4hrend der Auftaktversanstaltung des B\u00fcrgerforschungsprojektes SAIN wurden in einem kleinen Pilzworkshop im RVR-Besucherzentrum des Emscher Landschaftsparks im Haus Ripshorst Baumst\u00e4mme mit Pilzbrut geimpft. Im Oktober war dann so weit, dass die Baumst\u00e4mme neben dem Haus [&hellip;]<\/p>\n","protected":false},"author":19,"featured_media":5360,"comment_status":"closed","ping_status":"closed","sticky":false,"template":"","format":"standard","meta":{"_et_pb_use_builder":"on","_et_pb_old_content":"","_et_gb_content_width":"","footnotes":""},"categories":[58,53,62,55],"tags":[],"class_list":["post-5353","post","type-post","status-publish","format-standard","has-post-thumbnail","hentry","category-aktion","category-bericht","category-oberhausen","category-pilze"],"yoast_head":"<!-- This site is optimized with the Yoast SEO plugin v27.5 - https:\/\/yoast.com\/product\/yoast-seo-wordpress\/ -->\n<title>Einweihung des Speisepilzgartens am Haus Ripshorst in Oberhausen - St\u00e4dtische Agrikultur<\/title>\n<meta name=\"robots\" content=\"index, follow, max-snippet:-1, max-image-preview:large, max-video-preview:-1\" \/>\n<link rel=\"canonical\" href=\"https:\/\/websites.fraunhofer.de\/staedtischeagrikultur\/index.php\/einweihung-des-speisepilzgartens-am-haus-ripshorst-in-oberhausen\/\" \/>\n<meta property=\"og:locale\" content=\"de_DE\" \/>\n<meta property=\"og:type\" content=\"article\" \/>\n<meta property=\"og:title\" content=\"Einweihung des Speisepilzgartens am Haus Ripshorst in Oberhausen - St\u00e4dtische Agrikultur\" \/>\n<meta property=\"og:description\" content=\"Am 30. Oktober 2018 wurde am Haus Ripshorst in Oberhausen der Speisepilzgarten er\u00f6ffnet Fotos: Leandra Hamann, Fraunhofer UMSICHT &nbsp; Bereits w\u00e4hrend der Auftaktversanstaltung des B\u00fcrgerforschungsprojektes SAIN wurden in einem kleinen Pilzworkshop im RVR-Besucherzentrum des Emscher Landschaftsparks im Haus Ripshorst Baumst\u00e4mme mit Pilzbrut geimpft. Im Oktober war dann so weit, dass die Baumst\u00e4mme neben dem Haus [&hellip;]\" \/>\n<meta property=\"og:url\" content=\"https:\/\/websites.fraunhofer.de\/staedtischeagrikultur\/index.php\/einweihung-des-speisepilzgartens-am-haus-ripshorst-in-oberhausen\/\" \/>\n<meta property=\"og:site_name\" content=\"St\u00e4dtische Agrikultur\" \/>\n<meta property=\"article:publisher\" content=\"https:\/\/www.facebook.com\/SAINagrikultur\/\" \/>\n<meta property=\"article:published_time\" content=\"2018-11-10T16:59:45+00:00\" \/>\n<meta property=\"article:modified_time\" content=\"2019-05-21T08:39:40+00:00\" \/>\n<meta property=\"og:image\" content=\"https:\/\/websites.fraunhofer.de\/staedtischeagrikultur\/wp-content\/uploads\/2018\/11\/DSC02642.jpeg\" \/>\n\t<meta property=\"og:image:width\" content=\"640\" \/>\n\t<meta property=\"og:image:height\" content=\"427\" \/>\n\t<meta property=\"og:image:type\" content=\"image\/jpeg\" \/>\n<meta name=\"author\" content=\"Sabrina Gro\u00dfkopp\" \/>\n<meta name=\"twitter:card\" content=\"summary_large_image\" \/>\n<meta name=\"twitter:label1\" content=\"Verfasst von\" \/>\n\t<meta name=\"twitter:data1\" content=\"Sabrina Gro\u00dfkopp\" \/>\n\t<meta name=\"twitter:label2\" content=\"Gesch\u00e4tzte Lesezeit\" \/>\n\t<meta name=\"twitter:data2\" content=\"3\u00a0Minuten\" \/>\n<script type=\"application\/ld+json\" class=\"yoast-schema-graph\">{\"@context\":\"https:\\\/\\\/schema.org\",\"@graph\":[{\"@type\":\"Article\",\"@id\":\"https:\\\/\\\/websites.fraunhofer.de\\\/staedtischeagrikultur\\\/index.php\\\/einweihung-des-speisepilzgartens-am-haus-ripshorst-in-oberhausen\\\/#article\",\"isPartOf\":{\"@id\":\"https:\\\/\\\/websites.fraunhofer.de\\\/staedtischeagrikultur\\\/index.php\\\/einweihung-des-speisepilzgartens-am-haus-ripshorst-in-oberhausen\\\/\"},\"author\":{\"name\":\"Sabrina Gro\u00dfkopp\",\"@id\":\"https:\\\/\\\/websites.fraunhofer.de\\\/staedtischeagrikultur\\\/#\\\/schema\\\/person\\\/c74e195cb8137975e6757b99fdc5dc2d\"},\"headline\":\"Einweihung des Speisepilzgartens am Haus Ripshorst in Oberhausen\",\"datePublished\":\"2018-11-10T16:59:45+00:00\",\"dateModified\":\"2019-05-21T08:39:40+00:00\",\"mainEntityOfPage\":{\"@id\":\"https:\\\/\\\/websites.fraunhofer.de\\\/staedtischeagrikultur\\\/index.php\\\/einweihung-des-speisepilzgartens-am-haus-ripshorst-in-oberhausen\\\/\"},\"wordCount\":514,\"publisher\":{\"@id\":\"https:\\\/\\\/websites.fraunhofer.de\\\/staedtischeagrikultur\\\/#organization\"},\"image\":{\"@id\":\"https:\\\/\\\/websites.fraunhofer.de\\\/staedtischeagrikultur\\\/index.php\\\/einweihung-des-speisepilzgartens-am-haus-ripshorst-in-oberhausen\\\/#primaryimage\"},\"thumbnailUrl\":\"https:\\\/\\\/staedtische-agrikultur.de\\\/wp-content\\\/uploads\\\/2018\\\/11\\\/DSC02642.jpeg\",\"articleSection\":[\"Aktion\",\"Bericht\",\"Oberhausen\",\"Pilze\"],\"inLanguage\":\"de\"},{\"@type\":\"WebPage\",\"@id\":\"https:\\\/\\\/websites.fraunhofer.de\\\/staedtischeagrikultur\\\/index.php\\\/einweihung-des-speisepilzgartens-am-haus-ripshorst-in-oberhausen\\\/\",\"url\":\"https:\\\/\\\/websites.fraunhofer.de\\\/staedtischeagrikultur\\\/index.php\\\/einweihung-des-speisepilzgartens-am-haus-ripshorst-in-oberhausen\\\/\",\"name\":\"Einweihung des Speisepilzgartens am Haus Ripshorst in Oberhausen - St\u00e4dtische Agrikultur\",\"isPartOf\":{\"@id\":\"https:\\\/\\\/websites.fraunhofer.de\\\/staedtischeagrikultur\\\/#website\"},\"primaryImageOfPage\":{\"@id\":\"https:\\\/\\\/websites.fraunhofer.de\\\/staedtischeagrikultur\\\/index.php\\\/einweihung-des-speisepilzgartens-am-haus-ripshorst-in-oberhausen\\\/#primaryimage\"},\"image\":{\"@id\":\"https:\\\/\\\/websites.fraunhofer.de\\\/staedtischeagrikultur\\\/index.php\\\/einweihung-des-speisepilzgartens-am-haus-ripshorst-in-oberhausen\\\/#primaryimage\"},\"thumbnailUrl\":\"https:\\\/\\\/staedtische-agrikultur.de\\\/wp-content\\\/uploads\\\/2018\\\/11\\\/DSC02642.jpeg\",\"datePublished\":\"2018-11-10T16:59:45+00:00\",\"dateModified\":\"2019-05-21T08:39:40+00:00\",\"breadcrumb\":{\"@id\":\"https:\\\/\\\/websites.fraunhofer.de\\\/staedtischeagrikultur\\\/index.php\\\/einweihung-des-speisepilzgartens-am-haus-ripshorst-in-oberhausen\\\/#breadcrumb\"},\"inLanguage\":\"de\",\"potentialAction\":[{\"@type\":\"ReadAction\",\"target\":[\"https:\\\/\\\/websites.fraunhofer.de\\\/staedtischeagrikultur\\\/index.php\\\/einweihung-des-speisepilzgartens-am-haus-ripshorst-in-oberhausen\\\/\"]}]},{\"@type\":\"ImageObject\",\"inLanguage\":\"de\",\"@id\":\"https:\\\/\\\/websites.fraunhofer.de\\\/staedtischeagrikultur\\\/index.php\\\/einweihung-des-speisepilzgartens-am-haus-ripshorst-in-oberhausen\\\/#primaryimage\",\"url\":\"https:\\\/\\\/staedtische-agrikultur.de\\\/wp-content\\\/uploads\\\/2018\\\/11\\\/DSC02642.jpeg\",\"contentUrl\":\"https:\\\/\\\/staedtische-agrikultur.de\\\/wp-content\\\/uploads\\\/2018\\\/11\\\/DSC02642.jpeg\",\"width\":640,\"height\":427},{\"@type\":\"BreadcrumbList\",\"@id\":\"https:\\\/\\\/websites.fraunhofer.de\\\/staedtischeagrikultur\\\/index.php\\\/einweihung-des-speisepilzgartens-am-haus-ripshorst-in-oberhausen\\\/#breadcrumb\",\"itemListElement\":[{\"@type\":\"ListItem\",\"position\":1,\"name\":\"Startseite\",\"item\":\"https:\\\/\\\/websites.fraunhofer.de\\\/staedtischeagrikultur\\\/\"},{\"@type\":\"ListItem\",\"position\":2,\"name\":\"Einweihung des Speisepilzgartens am Haus Ripshorst in Oberhausen\"}]},{\"@type\":\"WebSite\",\"@id\":\"https:\\\/\\\/websites.fraunhofer.de\\\/staedtischeagrikultur\\\/#website\",\"url\":\"https:\\\/\\\/websites.fraunhofer.de\\\/staedtischeagrikultur\\\/\",\"name\":\"St\u00e4dtische Agrikultur\",\"description\":\"SAIN\",\"publisher\":{\"@id\":\"https:\\\/\\\/websites.fraunhofer.de\\\/staedtischeagrikultur\\\/#organization\"},\"potentialAction\":[{\"@type\":\"SearchAction\",\"target\":{\"@type\":\"EntryPoint\",\"urlTemplate\":\"https:\\\/\\\/websites.fraunhofer.de\\\/staedtischeagrikultur\\\/?s={search_term_string}\"},\"query-input\":{\"@type\":\"PropertyValueSpecification\",\"valueRequired\":true,\"valueName\":\"search_term_string\"}}],\"inLanguage\":\"de\"},{\"@type\":\"Organization\",\"@id\":\"https:\\\/\\\/websites.fraunhofer.de\\\/staedtischeagrikultur\\\/#organization\",\"name\":\"St\u00e4dtische Agrikultur\",\"url\":\"https:\\\/\\\/websites.fraunhofer.de\\\/staedtischeagrikultur\\\/\",\"logo\":{\"@type\":\"ImageObject\",\"inLanguage\":\"de\",\"@id\":\"https:\\\/\\\/websites.fraunhofer.de\\\/staedtischeagrikultur\\\/#\\\/schema\\\/logo\\\/image\\\/\",\"url\":\"https:\\\/\\\/staedtische-agrikultur.de\\\/wp-content\\\/uploads\\\/2017\\\/10\\\/SAIN-Logo_V4_N-k\u00fcrzer_edit-170831_Fraunhofer-Gr\u00fcn.png\",\"contentUrl\":\"https:\\\/\\\/staedtische-agrikultur.de\\\/wp-content\\\/uploads\\\/2017\\\/10\\\/SAIN-Logo_V4_N-k\u00fcrzer_edit-170831_Fraunhofer-Gr\u00fcn.png\",\"width\":1666,\"height\":1666,\"caption\":\"St\u00e4dtische Agrikultur\"},\"image\":{\"@id\":\"https:\\\/\\\/websites.fraunhofer.de\\\/staedtischeagrikultur\\\/#\\\/schema\\\/logo\\\/image\\\/\"},\"sameAs\":[\"https:\\\/\\\/www.facebook.com\\\/SAINagrikultur\\\/\",\"https:\\\/\\\/www.youtube.com\\\/channel\\\/UCeFQ74xB7C6-DHKwI1k9E3Q\"]},{\"@type\":\"Person\",\"@id\":\"https:\\\/\\\/websites.fraunhofer.de\\\/staedtischeagrikultur\\\/#\\\/schema\\\/person\\\/c74e195cb8137975e6757b99fdc5dc2d\",\"name\":\"Sabrina Gro\u00dfkopp\",\"image\":{\"@type\":\"ImageObject\",\"inLanguage\":\"de\",\"@id\":\"https:\\\/\\\/secure.gravatar.com\\\/avatar\\\/30d83922ba8d8b6c5ddd1e8d573781fa0d415f6d09f45cd95bb2ba0b1d653970?s=96&d=mm&r=g\",\"url\":\"https:\\\/\\\/secure.gravatar.com\\\/avatar\\\/30d83922ba8d8b6c5ddd1e8d573781fa0d415f6d09f45cd95bb2ba0b1d653970?s=96&d=mm&r=g\",\"contentUrl\":\"https:\\\/\\\/secure.gravatar.com\\\/avatar\\\/30d83922ba8d8b6c5ddd1e8d573781fa0d415f6d09f45cd95bb2ba0b1d653970?s=96&d=mm&r=g\",\"caption\":\"Sabrina Gro\u00dfkopp\"},\"url\":\"https:\\\/\\\/staedtische-agrikultur.de\\\/index.php\\\/author\\\/sabrina\\\/\"}]}<\/script>\n<!-- \/ Yoast SEO plugin. -->","yoast_head_json":{"title":"Einweihung des Speisepilzgartens am Haus Ripshorst in Oberhausen - St\u00e4dtische Agrikultur","robots":{"index":"index","follow":"follow","max-snippet":"max-snippet:-1","max-image-preview":"max-image-preview:large","max-video-preview":"max-video-preview:-1"},"canonical":"https:\/\/websites.fraunhofer.de\/staedtischeagrikultur\/index.php\/einweihung-des-speisepilzgartens-am-haus-ripshorst-in-oberhausen\/","og_locale":"de_DE","og_type":"article","og_title":"Einweihung des Speisepilzgartens am Haus Ripshorst in Oberhausen - St\u00e4dtische Agrikultur","og_description":"Am 30. Oktober 2018 wurde am Haus Ripshorst in Oberhausen der Speisepilzgarten er\u00f6ffnet Fotos: Leandra Hamann, Fraunhofer UMSICHT &nbsp; Bereits w\u00e4hrend der Auftaktversanstaltung des B\u00fcrgerforschungsprojektes SAIN wurden in einem kleinen Pilzworkshop im RVR-Besucherzentrum des Emscher Landschaftsparks im Haus Ripshorst Baumst\u00e4mme mit Pilzbrut geimpft. Im Oktober war dann so weit, dass die Baumst\u00e4mme neben dem Haus [&hellip;]","og_url":"https:\/\/websites.fraunhofer.de\/staedtischeagrikultur\/index.php\/einweihung-des-speisepilzgartens-am-haus-ripshorst-in-oberhausen\/","og_site_name":"St\u00e4dtische Agrikultur","article_publisher":"https:\/\/www.facebook.com\/SAINagrikultur\/","article_published_time":"2018-11-10T16:59:45+00:00","article_modified_time":"2019-05-21T08:39:40+00:00","og_image":[{"width":640,"height":427,"url":"https:\/\/websites.fraunhofer.de\/staedtischeagrikultur\/wp-content\/uploads\/2018\/11\/DSC02642.jpeg","type":"image\/jpeg"}],"author":"Sabrina Gro\u00dfkopp","twitter_card":"summary_large_image","twitter_misc":{"Verfasst von":"Sabrina Gro\u00dfkopp","Gesch\u00e4tzte Lesezeit":"3\u00a0Minuten"},"schema":{"@context":"https:\/\/schema.org","@graph":[{"@type":"Article","@id":"https:\/\/websites.fraunhofer.de\/staedtischeagrikultur\/index.php\/einweihung-des-speisepilzgartens-am-haus-ripshorst-in-oberhausen\/#article","isPartOf":{"@id":"https:\/\/websites.fraunhofer.de\/staedtischeagrikultur\/index.php\/einweihung-des-speisepilzgartens-am-haus-ripshorst-in-oberhausen\/"},"author":{"name":"Sabrina Gro\u00dfkopp","@id":"https:\/\/websites.fraunhofer.de\/staedtischeagrikultur\/#\/schema\/person\/c74e195cb8137975e6757b99fdc5dc2d"},"headline":"Einweihung des Speisepilzgartens am Haus Ripshorst in Oberhausen","datePublished":"2018-11-10T16:59:45+00:00","dateModified":"2019-05-21T08:39:40+00:00","mainEntityOfPage":{"@id":"https:\/\/websites.fraunhofer.de\/staedtischeagrikultur\/index.php\/einweihung-des-speisepilzgartens-am-haus-ripshorst-in-oberhausen\/"},"wordCount":514,"publisher":{"@id":"https:\/\/websites.fraunhofer.de\/staedtischeagrikultur\/#organization"},"image":{"@id":"https:\/\/websites.fraunhofer.de\/staedtischeagrikultur\/index.php\/einweihung-des-speisepilzgartens-am-haus-ripshorst-in-oberhausen\/#primaryimage"},"thumbnailUrl":"https:\/\/staedtische-agrikultur.de\/wp-content\/uploads\/2018\/11\/DSC02642.jpeg","articleSection":["Aktion","Bericht","Oberhausen","Pilze"],"inLanguage":"de"},{"@type":"WebPage","@id":"https:\/\/websites.fraunhofer.de\/staedtischeagrikultur\/index.php\/einweihung-des-speisepilzgartens-am-haus-ripshorst-in-oberhausen\/","url":"https:\/\/websites.fraunhofer.de\/staedtischeagrikultur\/index.php\/einweihung-des-speisepilzgartens-am-haus-ripshorst-in-oberhausen\/","name":"Einweihung des Speisepilzgartens am Haus Ripshorst in Oberhausen - St\u00e4dtische Agrikultur","isPartOf":{"@id":"https:\/\/websites.fraunhofer.de\/staedtischeagrikultur\/#website"},"primaryImageOfPage":{"@id":"https:\/\/websites.fraunhofer.de\/staedtischeagrikultur\/index.php\/einweihung-des-speisepilzgartens-am-haus-ripshorst-in-oberhausen\/#primaryimage"},"image":{"@id":"https:\/\/websites.fraunhofer.de\/staedtischeagrikultur\/index.php\/einweihung-des-speisepilzgartens-am-haus-ripshorst-in-oberhausen\/#primaryimage"},"thumbnailUrl":"https:\/\/staedtische-agrikultur.de\/wp-content\/uploads\/2018\/11\/DSC02642.jpeg","datePublished":"2018-11-10T16:59:45+00:00","dateModified":"2019-05-21T08:39:40+00:00","breadcrumb":{"@id":"https:\/\/websites.fraunhofer.de\/staedtischeagrikultur\/index.php\/einweihung-des-speisepilzgartens-am-haus-ripshorst-in-oberhausen\/#breadcrumb"},"inLanguage":"de","potentialAction":[{"@type":"ReadAction","target":["https:\/\/websites.fraunhofer.de\/staedtischeagrikultur\/index.php\/einweihung-des-speisepilzgartens-am-haus-ripshorst-in-oberhausen\/"]}]},{"@type":"ImageObject","inLanguage":"de","@id":"https:\/\/websites.fraunhofer.de\/staedtischeagrikultur\/index.php\/einweihung-des-speisepilzgartens-am-haus-ripshorst-in-oberhausen\/#primaryimage","url":"https:\/\/staedtische-agrikultur.de\/wp-content\/uploads\/2018\/11\/DSC02642.jpeg","contentUrl":"https:\/\/staedtische-agrikultur.de\/wp-content\/uploads\/2018\/11\/DSC02642.jpeg","width":640,"height":427},{"@type":"BreadcrumbList","@id":"https:\/\/websites.fraunhofer.de\/staedtischeagrikultur\/index.php\/einweihung-des-speisepilzgartens-am-haus-ripshorst-in-oberhausen\/#breadcrumb","itemListElement":[{"@type":"ListItem","position":1,"name":"Startseite","item":"https:\/\/websites.fraunhofer.de\/staedtischeagrikultur\/"},{"@type":"ListItem","position":2,"name":"Einweihung des Speisepilzgartens am Haus Ripshorst in Oberhausen"}]},{"@type":"WebSite","@id":"https:\/\/websites.fraunhofer.de\/staedtischeagrikultur\/#website","url":"https:\/\/websites.fraunhofer.de\/staedtischeagrikultur\/","name":"St\u00e4dtische Agrikultur","description":"SAIN","publisher":{"@id":"https:\/\/websites.fraunhofer.de\/staedtischeagrikultur\/#organization"},"potentialAction":[{"@type":"SearchAction","target":{"@type":"EntryPoint","urlTemplate":"https:\/\/websites.fraunhofer.de\/staedtischeagrikultur\/?s={search_term_string}"},"query-input":{"@type":"PropertyValueSpecification","valueRequired":true,"valueName":"search_term_string"}}],"inLanguage":"de"},{"@type":"Organization","@id":"https:\/\/websites.fraunhofer.de\/staedtischeagrikultur\/#organization","name":"St\u00e4dtische Agrikultur","url":"https:\/\/websites.fraunhofer.de\/staedtischeagrikultur\/","logo":{"@type":"ImageObject","inLanguage":"de","@id":"https:\/\/websites.fraunhofer.de\/staedtischeagrikultur\/#\/schema\/logo\/image\/","url":"https:\/\/staedtische-agrikultur.de\/wp-content\/uploads\/2017\/10\/SAIN-Logo_V4_N-k\u00fcrzer_edit-170831_Fraunhofer-Gr\u00fcn.png","contentUrl":"https:\/\/staedtische-agrikultur.de\/wp-content\/uploads\/2017\/10\/SAIN-Logo_V4_N-k\u00fcrzer_edit-170831_Fraunhofer-Gr\u00fcn.png","width":1666,"height":1666,"caption":"St\u00e4dtische Agrikultur"},"image":{"@id":"https:\/\/websites.fraunhofer.de\/staedtischeagrikultur\/#\/schema\/logo\/image\/"},"sameAs":["https:\/\/www.facebook.com\/SAINagrikultur\/","https:\/\/www.youtube.com\/channel\/UCeFQ74xB7C6-DHKwI1k9E3Q"]},{"@type":"Person","@id":"https:\/\/websites.fraunhofer.de\/staedtischeagrikultur\/#\/schema\/person\/c74e195cb8137975e6757b99fdc5dc2d","name":"Sabrina Gro\u00dfkopp","image":{"@type":"ImageObject","inLanguage":"de","@id":"https:\/\/secure.gravatar.com\/avatar\/30d83922ba8d8b6c5ddd1e8d573781fa0d415f6d09f45cd95bb2ba0b1d653970?s=96&d=mm&r=g","url":"https:\/\/secure.gravatar.com\/avatar\/30d83922ba8d8b6c5ddd1e8d573781fa0d415f6d09f45cd95bb2ba0b1d653970?s=96&d=mm&r=g","contentUrl":"https:\/\/secure.gravatar.com\/avatar\/30d83922ba8d8b6c5ddd1e8d573781fa0d415f6d09f45cd95bb2ba0b1d653970?s=96&d=mm&r=g","caption":"Sabrina Gro\u00dfkopp"},"url":"https:\/\/staedtische-agrikultur.de\/index.php\/author\/sabrina\/"}]}},"_links":{"self":[{"href":"https:\/\/staedtische-agrikultur.de\/index.php\/wp-json\/wp\/v2\/posts\/5353","targetHints":{"allow":["GET"]}}],"collection":[{"href":"https:\/\/staedtische-agrikultur.de\/index.php\/wp-json\/wp\/v2\/posts"}],"about":[{"href":"https:\/\/staedtische-agrikultur.de\/index.php\/wp-json\/wp\/v2\/types\/post"}],"author":[{"embeddable":true,"href":"https:\/\/staedtische-agrikultur.de\/index.php\/wp-json\/wp\/v2\/users\/19"}],"replies":[{"embeddable":true,"href":"https:\/\/staedtische-agrikultur.de\/index.php\/wp-json\/wp\/v2\/comments?post=5353"}],"version-history":[{"count":0,"href":"https:\/\/staedtische-agrikultur.de\/index.php\/wp-json\/wp\/v2\/posts\/5353\/revisions"}],"wp:featuredmedia":[{"embeddable":true,"href":"https:\/\/staedtische-agrikultur.de\/index.php\/wp-json\/wp\/v2\/media\/5360"}],"wp:attachment":[{"href":"https:\/\/staedtische-agrikultur.de\/index.php\/wp-json\/wp\/v2\/media?parent=5353"}],"wp:term":[{"taxonomy":"category","embeddable":true,"href":"https:\/\/staedtische-agrikultur.de\/index.php\/wp-json\/wp\/v2\/categories?post=5353"},{"taxonomy":"post_tag","embeddable":true,"href":"https:\/\/staedtische-agrikultur.de\/index.php\/wp-json\/wp\/v2\/tags?post=5353"}],"curies":[{"name":"wp","href":"https:\/\/api.w.org\/{rel}","templated":true}]}}