{"id":5322,"date":"2018-11-07T13:47:27","date_gmt":"2018-11-07T12:47:27","guid":{"rendered":"https:\/\/websites.fraunhofer.de\/staedtische-agrikultur\/?p=5322"},"modified":"2018-12-05T18:16:34","modified_gmt":"2018-12-05T17:16:34","slug":"aktionstag-bonn-wird-klima-garten-naechste-schritte-und-infos","status":"publish","type":"post","link":"https:\/\/staedtische-agrikultur.de\/index.php\/aktionstag-bonn-wird-klima-garten-naechste-schritte-und-infos\/","title":{"rendered":"Aktionstag \u201eBonn wird Klima-Garten\u201c &#8211; n\u00e4chste Schritte und Infos"},"content":{"rendered":"<p>[et_pb_section fb_built=&#8220;1&#8243; _builder_version=&#8220;3.17.6&#8243; background_color=&#8220;#604a7b&#8220;][et_pb_row _builder_version=&#8220;3.0.48&#8243; background_size=&#8220;initial&#8220; background_position=&#8220;top_left&#8220; background_repeat=&#8220;repeat&#8220;][et_pb_column type=&#8220;1_2&#8243; _builder_version=&#8220;3.0.47&#8243; parallax=&#8220;off&#8220; parallax_method=&#8220;on&#8220;][et_pb_text _builder_version=&#8220;3.17.6&#8243; text_text_color=&#8220;#ffffff&#8220; header_text_color=&#8220;#ffffff&#8220; background_layout=&#8220;dark&#8220;]<\/p>\n<h4 class=\"intro extern\">Aktionstag am 6. Oktober &#8217;18 in Bonn war ein voller Erfolg<\/h4>\n<p>&nbsp;<\/p>\n<p class=\"intro extern\">Ein gro\u00dfes Dankesch\u00f6n an die Referent*innen und an die Teilnehmenden! Durch ihr Mitdenken, Diskutieren und tatkr\u00e4ftiges Anpacken ist der <a href=\"https:\/\/wilabonn.de\/aktuelles\/veranstaltungen\/902-aktionstag-bonn-wird-klima-garten-erfolgreich.html\" target=\"_blank\" rel=\"noopener\"><strong><span style=\"color: #ffffff;\">Aktionstag<\/span><\/strong><\/a> ein voller Erfolg geworden. Jetzt ist es entscheidend, dass die enstandenen Ideen in die Tat umgesetzt werden!<\/p>\n<p><strong>Bei folgenden Projekten k\u00f6nnen sich Interessierte einbringen<\/strong><\/p>\n<ul>\n<li>Fragen stellen, Fragen diskutieren, forschen mit Unterst\u00fctzung des Wila zur st\u00e4dtischen Agrikultur, auch im Rahmen von Masterarbeiten. M\u00f6gliche Themen sind innovative, sensorgest\u00fctze Hochbeete, Aquaponik, Pilzanbau, Transport von Lebensmitteln, Tauschb\u00f6rse f\u00fcr Produktionsmittel wie Kompost sowie Ermittlung potentieller Fl\u00e4chen f\u00fcr Urban Gardening oder Begr\u00fcnung.<\/li>\n<li>Die zusammengebauten Klima-Messstationen warten darauf, in Bonn installiert und vernetzt zu werden.<\/li>\n<li>Die <strong><span style=\"color: #ffffff;\"><a class=\"extern\" href=\"http:\/\/www.bonn.de\/umwelt_gesundheit_planen_bauen_wohnen\/amt_fuer_stadtgruen\/gruene_projekte\/17131\/index.html?lang=de\" target=\"_blank\" rel=\"noopener\" style=\"color: #ffffff;\">Stadt Bonn<\/a><\/span><\/strong> hat Fl\u00e4chen f\u00fcr Urban Gardening-Projekte zu vergeben.<\/li>\n<li class=\"extern\">Auch bei den <strong><span style=\"color: #ffffff;\"><a href=\"http:\/\/www.bonner-kleingaertner.de\" target=\"_blank\" rel=\"noopener\" style=\"color: #ffffff;\">Kleing\u00e4rtnern<\/a><\/span><\/strong> k\u00f6nnen sich Interessierte nach freien G\u00e4rten umschauen. F\u00fcr n\u00e4chstes Jahr wird ein gemeinsames Projekt mit der Stadt geplant.<\/li>\n<li>Das Projekt setzt sich f\u00fcr \u00f6ffentliche Trinkwasserbrunnen in Bonn ein. Dazu wird derzeitig \u00fcberlegt, an welchen Stellen in der Stadt sie sinnvoll w\u00e4ren.<\/li>\n<li>2019 geht es mit ein paar gezielten Aktionen zur Wissensvermittlung und -Austausch entlang des Gartenjahres weiter.<\/li>\n<li>Au\u00dferdem m\u00f6chten die Verantwortlichen der Projekte gemeinsam mit den B\u00fcrgerinnen und B\u00fcrgern m\u00f6glichst viele Hausfassaden und D\u00e4cher begr\u00fcnen \u2013 schon kleine Fl\u00e4chen wie bepflanzte Garagend\u00e4cher machen einen Unterschied f\u00fcr das Stadtklima.<\/li>\n<\/ul>\n<p><strong>Informationen und zu den Workshops und Vortr\u00e4gen<\/p>\n<p><\/strong><\/p>\n<ul>\n<li><strong><a href=\"https:\/\/staedtische-agrikultur.de\/wp-content\/uploads\/2018\/11\/Kleingrtner-Bonn-Aktionstag.pdf\"><span style=\"color: #ffffff;\">Urban Gardening und Kleing\u00e4rtner: passt das zusammen?<\/span><\/a><\/strong><\/li>\n<li><strong><a href=\"https:\/\/staedtische-agrikultur.de\/wp-content\/uploads\/2018\/11\/Mitstreiter-finden-und-binden_6.10..pptx\"><span style=\"color: #ffffff;\">Mitstreiter finden und binden<\/span><\/a><\/strong><\/li>\n<li><strong><a href=\"https:\/\/staedtische-agrikultur.de\/wp-content\/uploads\/2018\/11\/Trinkwasser.pdf\"><span style=\"color: #ffffff;\">Trinkwasserversorgung im \u00f6ffentlichen Raum<\/span><\/a><\/strong><\/li>\n<li><strong><a href=\"https:\/\/staedtische-agrikultur.de\/wp-content\/uploads\/2018\/11\/Vortrag-Folien-Extrakt-06.10.2018.pdf\"><span style=\"color: #ffffff;\">St\u00e4dte\u00fcberhitzung &#8211; Effekte durch Efeu<\/span><\/a><\/strong><\/li>\n<li><a class=\"extern\" href=\"http:\/\/www.bonn.de\/umwelt_gesundheit_planen_bauen_wohnen\/klimaschutz\/engagement\/19527\/index.html\" target=\"_blank\" rel=\"noopener\"><span style=\"color: #ffffff;\"><strong>Bonner Klimaanalyse<\/strong><\/span><\/a><\/li>\n<\/ul>\n<p>[\/et_pb_text][\/et_pb_column][et_pb_column type=&#8220;1_2&#8243; _builder_version=&#8220;3.0.47&#8243; parallax=&#8220;off&#8220; parallax_method=&#8220;on&#8220;][et_pb_text _builder_version=&#8220;3.17.6&#8243; text_text_color=&#8220;#ffffff&#8220; header_text_color=&#8220;#ffffff&#8220; saved_tabs=&#8220;all&#8220;]<\/p>\n<h4>Weiterf\u00fchrende Links<\/h4>\n<p>[\/et_pb_text][et_pb_divider divider_position=&#8220;center&#8220; divider_weight=&#8220;4px&#8220; height=&#8220;10px&#8220; _builder_version=&#8220;3.2&#8243; saved_tabs=&#8220;all&#8220;][\/et_pb_divider][et_pb_blurb title=&#8220;Zum Kontaktformular&#8220; url=&#8220;https:\/\/staedtische-agrikultur.de\/index.php\/kontakt&#8220; use_icon=&#8220;on&#8220; font_icon=&#8220;%%75%%&#8220; icon_placement=&#8220;left&#8220; content_max_width=&#8220;1000px&#8220; image_max_width_last_edited=&#8220;on|desktop&#8220; content_max_width_last_edited=&#8220;on|desktop&#8220; _builder_version=&#8220;3.17.6&#8243; header_text_color=&#8220;#ffffff&#8220; header_font_size=&#8220;24px&#8220; header_line_height=&#8220;1.2em&#8220; body_font=&#8220;Comfortaa||||&#8220; body_text_align=&#8220;left&#8220; body_text_color=&#8220;#000000&#8243; body_font_size=&#8220;12px&#8220; max_width_last_edited=&#8220;on|desktop&#8220; module_alignment=&#8220;right&#8220; custom_margin=&#8220;0px|||&#8220; custom_padding=&#8220;0px|||&#8220; animation_style=&#8220;fold&#8220; saved_tabs=&#8220;all&#8220; header_font=&#8220;||||||||&#8220;][\/et_pb_blurb][\/et_pb_column][\/et_pb_row][\/et_pb_section]<\/p>\n","protected":false},"excerpt":{"rendered":"<p>Aktionstag am 6. Oktober &#8217;18 in Bonn war ein voller Erfolg &nbsp; Ein gro\u00dfes Dankesch\u00f6n an die Referent*innen und an die Teilnehmenden! Durch ihr Mitdenken, Diskutieren und tatkr\u00e4ftiges Anpacken ist der Aktionstag ein voller Erfolg geworden. Jetzt ist es entscheidend, dass die enstandenen Ideen in die Tat umgesetzt werden! Bei folgenden Projekten k\u00f6nnen sich Interessierte [&hellip;]<\/p>\n","protected":false},"author":3,"featured_media":5332,"comment_status":"closed","ping_status":"closed","sticky":false,"template":"","format":"standard","meta":{"_et_pb_use_builder":"on","_et_pb_old_content":"<p class=\"intro extern\">Ein gro\u00dfes Dankesch\u00f6n an die Referent*innen und an die Teilnehmenden! Durch ihr Mitdenken, Diskutieren und tatkr\u00e4ftiges Anpacken ist der <a href=\"https:\/\/wilabonn.de\/aktuelles\/veranstaltungen\/902-aktionstag-bonn-wird-klima-garten-erfolgreich.html\" target=\"_blank\" rel=\"noopener\">Aktionstag<\/a> ein voller Erfolg geworden. Jetzt ist es entscheidend, dass die enstandenen Ideen in die Tat umgesetzt werden!<\/p><h3>\u00a0<\/h3><h3>Bei folgenden Projekten k\u00f6nnen sich Interessierte einbringen:<\/h3><ul><li>Fragen stellen, Fragen diskutieren, forschen mit Unterst\u00fctzung des Wila zur st\u00e4dtischen Agrikultur, auch im Rahmen von Masterarbeiten. M\u00f6gliche Themen sind innovative, sensorgest\u00fctze Hochbeete, Aquaponik, Pilzanbau, Transport von Lebensmitteln, Tauschb\u00f6rse f\u00fcr Produktionsmittel wie Kompost sowie Ermittlung potentieller Fl\u00e4chen f\u00fcr Urban Gardening oder Begr\u00fcnung.<\/li><li>Die zusammengebauten Klima-Messstationen warten darauf, in Bonn installiert und vernetzt zu werden.<\/li><li>Die <a class=\"extern\" href=\"http:\/\/www.bonn.de\/umwelt_gesundheit_planen_bauen_wohnen\/amt_fuer_stadtgruen\/gruene_projekte\/17131\/index.html?lang=de\" target=\"_blank\" rel=\"noopener\">Stadt Bonn<\/a> hat Fl\u00e4chen f\u00fcr Urban Gardening-Projekte zu vergeben.<\/li><li class=\"extern\">Auch bei den <a href=\"http:\/\/www.bonner-kleingaertner.de\" target=\"_blank\" rel=\"noopener\">Kleing\u00e4rtnern<\/a> k\u00f6nnen sich Interessierte nach freien G\u00e4rten umschauen. F\u00fcr n\u00e4chstes Jahr wird ein gemeinsames Projekt mit der Stadt geplant.<\/li><li>Das Projekt setzt sich f\u00fcr \u00f6ffentliche Trinkwasserbrunnen in Bonn ein. Dazu wird derzeitig \u00fcberlegt, an welchen Stellen in der Stadt sie sinnvoll w\u00e4ren.<\/li><li>2019 geht es mit ein paar gezielten Aktionen zur Wissensvermittlung und -Austausch entlang des Gartenjahres weiter.<\/li><li>Au\u00dferdem m\u00f6chten die Verantwortlichen der Projekte gemeinsam mit den B\u00fcrgerinnen und B\u00fcrgern m\u00f6glichst viele Hausfassaden und D\u00e4cher begr\u00fcnen \u2013 schon kleine Fl\u00e4chen wie bepflanzte Garagend\u00e4cher machen einen Unterschied f\u00fcr das Stadtklima.<\/li><\/ul><h3>Informationen und zu den Workshops und Vortr\u00e4gen<\/h3><ul><li><a href=\"https:\/\/staedtische-agrikultur.de\/wp-content\/uploads\/2018\/11\/Kleingrtner-Bonn-Aktionstag.pdf\">Urban Gardening und Kleing\u00e4rtner: passt das zusammen?<\/a><\/li><li><a href=\"https:\/\/staedtische-agrikultur.de\/wp-content\/uploads\/2018\/11\/Mitstreiter-finden-und-binden_6.10..pptx\">Mitstreiter finden und binden<\/a><\/li><li><a href=\"https:\/\/staedtische-agrikultur.de\/wp-content\/uploads\/2018\/11\/Trinkwasser.pdf\">Trinkwasserversorgung im \u00f6ffentlichen Raum<\/a><\/li><li><a href=\"https:\/\/staedtische-agrikultur.de\/wp-content\/uploads\/2018\/11\/Vortrag-Folien-Extrakt-06.10.2018.pdf\">St\u00e4dte\u00fcberhitzung - Effekte durch Efeu<\/a><\/li><li><a class=\"extern\" href=\"http:\/\/www.bonn.de\/umwelt_gesundheit_planen_bauen_wohnen\/klimaschutz\/engagement\/19527\/index.html\" target=\"_blank\" rel=\"noopener\">Bonner Klimaanalyse<\/a><\/li><\/ul>","_et_gb_content_width":"","footnotes":""},"categories":[58,53],"tags":[],"class_list":["post-5322","post","type-post","status-publish","format-standard","has-post-thumbnail","hentry","category-aktion","category-bericht"],"yoast_head":"<!-- This site is optimized with the Yoast SEO plugin v27.5 - https:\/\/yoast.com\/product\/yoast-seo-wordpress\/ -->\n<title>Aktionstag \u201eBonn wird Klima-Garten\u201c - n\u00e4chste Schritte und Infos - St\u00e4dtische Agrikultur<\/title>\n<meta name=\"robots\" content=\"index, follow, max-snippet:-1, max-image-preview:large, max-video-preview:-1\" \/>\n<link rel=\"canonical\" href=\"https:\/\/websites.fraunhofer.de\/staedtischeagrikultur\/index.php\/aktionstag-bonn-wird-klima-garten-naechste-schritte-und-infos\/\" \/>\n<meta property=\"og:locale\" content=\"de_DE\" \/>\n<meta property=\"og:type\" content=\"article\" \/>\n<meta property=\"og:title\" content=\"Aktionstag \u201eBonn wird Klima-Garten\u201c - n\u00e4chste Schritte und Infos - St\u00e4dtische Agrikultur\" \/>\n<meta property=\"og:description\" content=\"Aktionstag am 6. Oktober &#039;18 in Bonn war ein voller Erfolg &nbsp; Ein gro\u00dfes Dankesch\u00f6n an die Referent*innen und an die Teilnehmenden! Durch ihr Mitdenken, Diskutieren und tatkr\u00e4ftiges Anpacken ist der Aktionstag ein voller Erfolg geworden. Jetzt ist es entscheidend, dass die enstandenen Ideen in die Tat umgesetzt werden! Bei folgenden Projekten k\u00f6nnen sich Interessierte [&hellip;]\" \/>\n<meta property=\"og:url\" content=\"https:\/\/websites.fraunhofer.de\/staedtischeagrikultur\/index.php\/aktionstag-bonn-wird-klima-garten-naechste-schritte-und-infos\/\" \/>\n<meta property=\"og:site_name\" content=\"St\u00e4dtische Agrikultur\" \/>\n<meta property=\"article:publisher\" content=\"https:\/\/www.facebook.com\/SAINagrikultur\/\" \/>\n<meta property=\"article:published_time\" content=\"2018-11-07T12:47:27+00:00\" \/>\n<meta property=\"article:modified_time\" content=\"2018-12-05T17:16:34+00:00\" \/>\n<meta property=\"og:image\" content=\"https:\/\/websites.fraunhofer.de\/staedtischeagrikultur\/wp-content\/uploads\/2018\/11\/IMG_4209.jpg\" \/>\n\t<meta property=\"og:image:width\" content=\"3000\" \/>\n\t<meta property=\"og:image:height\" content=\"2000\" \/>\n\t<meta property=\"og:image:type\" content=\"image\/jpeg\" \/>\n<meta name=\"author\" content=\"Andrea Muno-Lindenau\" \/>\n<meta name=\"twitter:card\" content=\"summary_large_image\" \/>\n<meta name=\"twitter:label1\" content=\"Verfasst von\" \/>\n\t<meta name=\"twitter:data1\" content=\"Andrea Muno-Lindenau\" \/>\n\t<meta name=\"twitter:label2\" content=\"Gesch\u00e4tzte Lesezeit\" \/>\n\t<meta name=\"twitter:data2\" content=\"2\u00a0Minuten\" \/>\n<script type=\"application\/ld+json\" class=\"yoast-schema-graph\">{\"@context\":\"https:\\\/\\\/schema.org\",\"@graph\":[{\"@type\":\"Article\",\"@id\":\"https:\\\/\\\/websites.fraunhofer.de\\\/staedtischeagrikultur\\\/index.php\\\/aktionstag-bonn-wird-klima-garten-naechste-schritte-und-infos\\\/#article\",\"isPartOf\":{\"@id\":\"https:\\\/\\\/websites.fraunhofer.de\\\/staedtischeagrikultur\\\/index.php\\\/aktionstag-bonn-wird-klima-garten-naechste-schritte-und-infos\\\/\"},\"author\":{\"name\":\"Andrea Muno-Lindenau\",\"@id\":\"https:\\\/\\\/websites.fraunhofer.de\\\/staedtischeagrikultur\\\/#\\\/schema\\\/person\\\/dabcba7ebe182bc56fb449c9ef5ae58c\"},\"headline\":\"Aktionstag \u201eBonn wird Klima-Garten\u201c &#8211; n\u00e4chste Schritte und Infos\",\"datePublished\":\"2018-11-07T12:47:27+00:00\",\"dateModified\":\"2018-12-05T17:16:34+00:00\",\"mainEntityOfPage\":{\"@id\":\"https:\\\/\\\/websites.fraunhofer.de\\\/staedtischeagrikultur\\\/index.php\\\/aktionstag-bonn-wird-klima-garten-naechste-schritte-und-infos\\\/\"},\"wordCount\":497,\"publisher\":{\"@id\":\"https:\\\/\\\/websites.fraunhofer.de\\\/staedtischeagrikultur\\\/#organization\"},\"image\":{\"@id\":\"https:\\\/\\\/websites.fraunhofer.de\\\/staedtischeagrikultur\\\/index.php\\\/aktionstag-bonn-wird-klima-garten-naechste-schritte-und-infos\\\/#primaryimage\"},\"thumbnailUrl\":\"https:\\\/\\\/staedtische-agrikultur.de\\\/wp-content\\\/uploads\\\/2018\\\/11\\\/IMG_4209.jpg\",\"articleSection\":[\"Aktion\",\"Bericht\"],\"inLanguage\":\"de\"},{\"@type\":\"WebPage\",\"@id\":\"https:\\\/\\\/websites.fraunhofer.de\\\/staedtischeagrikultur\\\/index.php\\\/aktionstag-bonn-wird-klima-garten-naechste-schritte-und-infos\\\/\",\"url\":\"https:\\\/\\\/websites.fraunhofer.de\\\/staedtischeagrikultur\\\/index.php\\\/aktionstag-bonn-wird-klima-garten-naechste-schritte-und-infos\\\/\",\"name\":\"Aktionstag \u201eBonn wird Klima-Garten\u201c - n\u00e4chste Schritte und Infos - St\u00e4dtische Agrikultur\",\"isPartOf\":{\"@id\":\"https:\\\/\\\/websites.fraunhofer.de\\\/staedtischeagrikultur\\\/#website\"},\"primaryImageOfPage\":{\"@id\":\"https:\\\/\\\/websites.fraunhofer.de\\\/staedtischeagrikultur\\\/index.php\\\/aktionstag-bonn-wird-klima-garten-naechste-schritte-und-infos\\\/#primaryimage\"},\"image\":{\"@id\":\"https:\\\/\\\/websites.fraunhofer.de\\\/staedtischeagrikultur\\\/index.php\\\/aktionstag-bonn-wird-klima-garten-naechste-schritte-und-infos\\\/#primaryimage\"},\"thumbnailUrl\":\"https:\\\/\\\/staedtische-agrikultur.de\\\/wp-content\\\/uploads\\\/2018\\\/11\\\/IMG_4209.jpg\",\"datePublished\":\"2018-11-07T12:47:27+00:00\",\"dateModified\":\"2018-12-05T17:16:34+00:00\",\"breadcrumb\":{\"@id\":\"https:\\\/\\\/websites.fraunhofer.de\\\/staedtischeagrikultur\\\/index.php\\\/aktionstag-bonn-wird-klima-garten-naechste-schritte-und-infos\\\/#breadcrumb\"},\"inLanguage\":\"de\",\"potentialAction\":[{\"@type\":\"ReadAction\",\"target\":[\"https:\\\/\\\/websites.fraunhofer.de\\\/staedtischeagrikultur\\\/index.php\\\/aktionstag-bonn-wird-klima-garten-naechste-schritte-und-infos\\\/\"]}]},{\"@type\":\"ImageObject\",\"inLanguage\":\"de\",\"@id\":\"https:\\\/\\\/websites.fraunhofer.de\\\/staedtischeagrikultur\\\/index.php\\\/aktionstag-bonn-wird-klima-garten-naechste-schritte-und-infos\\\/#primaryimage\",\"url\":\"https:\\\/\\\/staedtische-agrikultur.de\\\/wp-content\\\/uploads\\\/2018\\\/11\\\/IMG_4209.jpg\",\"contentUrl\":\"https:\\\/\\\/staedtische-agrikultur.de\\\/wp-content\\\/uploads\\\/2018\\\/11\\\/IMG_4209.jpg\",\"width\":3000,\"height\":2000},{\"@type\":\"BreadcrumbList\",\"@id\":\"https:\\\/\\\/websites.fraunhofer.de\\\/staedtischeagrikultur\\\/index.php\\\/aktionstag-bonn-wird-klima-garten-naechste-schritte-und-infos\\\/#breadcrumb\",\"itemListElement\":[{\"@type\":\"ListItem\",\"position\":1,\"name\":\"Startseite\",\"item\":\"https:\\\/\\\/websites.fraunhofer.de\\\/staedtischeagrikultur\\\/\"},{\"@type\":\"ListItem\",\"position\":2,\"name\":\"Aktionstag \u201eBonn wird Klima-Garten\u201c &#8211; n\u00e4chste Schritte und Infos\"}]},{\"@type\":\"WebSite\",\"@id\":\"https:\\\/\\\/websites.fraunhofer.de\\\/staedtischeagrikultur\\\/#website\",\"url\":\"https:\\\/\\\/websites.fraunhofer.de\\\/staedtischeagrikultur\\\/\",\"name\":\"St\u00e4dtische Agrikultur\",\"description\":\"SAIN\",\"publisher\":{\"@id\":\"https:\\\/\\\/websites.fraunhofer.de\\\/staedtischeagrikultur\\\/#organization\"},\"potentialAction\":[{\"@type\":\"SearchAction\",\"target\":{\"@type\":\"EntryPoint\",\"urlTemplate\":\"https:\\\/\\\/websites.fraunhofer.de\\\/staedtischeagrikultur\\\/?s={search_term_string}\"},\"query-input\":{\"@type\":\"PropertyValueSpecification\",\"valueRequired\":true,\"valueName\":\"search_term_string\"}}],\"inLanguage\":\"de\"},{\"@type\":\"Organization\",\"@id\":\"https:\\\/\\\/websites.fraunhofer.de\\\/staedtischeagrikultur\\\/#organization\",\"name\":\"St\u00e4dtische Agrikultur\",\"url\":\"https:\\\/\\\/websites.fraunhofer.de\\\/staedtischeagrikultur\\\/\",\"logo\":{\"@type\":\"ImageObject\",\"inLanguage\":\"de\",\"@id\":\"https:\\\/\\\/websites.fraunhofer.de\\\/staedtischeagrikultur\\\/#\\\/schema\\\/logo\\\/image\\\/\",\"url\":\"https:\\\/\\\/staedtische-agrikultur.de\\\/wp-content\\\/uploads\\\/2017\\\/10\\\/SAIN-Logo_V4_N-k\u00fcrzer_edit-170831_Fraunhofer-Gr\u00fcn.png\",\"contentUrl\":\"https:\\\/\\\/staedtische-agrikultur.de\\\/wp-content\\\/uploads\\\/2017\\\/10\\\/SAIN-Logo_V4_N-k\u00fcrzer_edit-170831_Fraunhofer-Gr\u00fcn.png\",\"width\":1666,\"height\":1666,\"caption\":\"St\u00e4dtische Agrikultur\"},\"image\":{\"@id\":\"https:\\\/\\\/websites.fraunhofer.de\\\/staedtischeagrikultur\\\/#\\\/schema\\\/logo\\\/image\\\/\"},\"sameAs\":[\"https:\\\/\\\/www.facebook.com\\\/SAINagrikultur\\\/\",\"https:\\\/\\\/www.youtube.com\\\/channel\\\/UCeFQ74xB7C6-DHKwI1k9E3Q\"]},{\"@type\":\"Person\",\"@id\":\"https:\\\/\\\/websites.fraunhofer.de\\\/staedtischeagrikultur\\\/#\\\/schema\\\/person\\\/dabcba7ebe182bc56fb449c9ef5ae58c\",\"name\":\"Andrea Muno-Lindenau\",\"image\":{\"@type\":\"ImageObject\",\"inLanguage\":\"de\",\"@id\":\"https:\\\/\\\/secure.gravatar.com\\\/avatar\\\/279ed24d24faaba674af2e8d81fd7d3762aae302bf6d13b04adedd744dd4f7bd?s=96&d=mm&r=g\",\"url\":\"https:\\\/\\\/secure.gravatar.com\\\/avatar\\\/279ed24d24faaba674af2e8d81fd7d3762aae302bf6d13b04adedd744dd4f7bd?s=96&d=mm&r=g\",\"contentUrl\":\"https:\\\/\\\/secure.gravatar.com\\\/avatar\\\/279ed24d24faaba674af2e8d81fd7d3762aae302bf6d13b04adedd744dd4f7bd?s=96&d=mm&r=g\",\"caption\":\"Andrea Muno-Lindenau\"},\"url\":\"https:\\\/\\\/staedtische-agrikultur.de\\\/index.php\\\/author\\\/andrea\\\/\"}]}<\/script>\n<!-- \/ Yoast SEO plugin. -->","yoast_head_json":{"title":"Aktionstag \u201eBonn wird Klima-Garten\u201c - n\u00e4chste Schritte und Infos - St\u00e4dtische Agrikultur","robots":{"index":"index","follow":"follow","max-snippet":"max-snippet:-1","max-image-preview":"max-image-preview:large","max-video-preview":"max-video-preview:-1"},"canonical":"https:\/\/websites.fraunhofer.de\/staedtischeagrikultur\/index.php\/aktionstag-bonn-wird-klima-garten-naechste-schritte-und-infos\/","og_locale":"de_DE","og_type":"article","og_title":"Aktionstag \u201eBonn wird Klima-Garten\u201c - n\u00e4chste Schritte und Infos - St\u00e4dtische Agrikultur","og_description":"Aktionstag am 6. Oktober '18 in Bonn war ein voller Erfolg &nbsp; Ein gro\u00dfes Dankesch\u00f6n an die Referent*innen und an die Teilnehmenden! Durch ihr Mitdenken, Diskutieren und tatkr\u00e4ftiges Anpacken ist der Aktionstag ein voller Erfolg geworden. Jetzt ist es entscheidend, dass die enstandenen Ideen in die Tat umgesetzt werden! Bei folgenden Projekten k\u00f6nnen sich Interessierte [&hellip;]","og_url":"https:\/\/websites.fraunhofer.de\/staedtischeagrikultur\/index.php\/aktionstag-bonn-wird-klima-garten-naechste-schritte-und-infos\/","og_site_name":"St\u00e4dtische Agrikultur","article_publisher":"https:\/\/www.facebook.com\/SAINagrikultur\/","article_published_time":"2018-11-07T12:47:27+00:00","article_modified_time":"2018-12-05T17:16:34+00:00","og_image":[{"width":3000,"height":2000,"url":"https:\/\/websites.fraunhofer.de\/staedtischeagrikultur\/wp-content\/uploads\/2018\/11\/IMG_4209.jpg","type":"image\/jpeg"}],"author":"Andrea Muno-Lindenau","twitter_card":"summary_large_image","twitter_misc":{"Verfasst von":"Andrea Muno-Lindenau","Gesch\u00e4tzte Lesezeit":"2\u00a0Minuten"},"schema":{"@context":"https:\/\/schema.org","@graph":[{"@type":"Article","@id":"https:\/\/websites.fraunhofer.de\/staedtischeagrikultur\/index.php\/aktionstag-bonn-wird-klima-garten-naechste-schritte-und-infos\/#article","isPartOf":{"@id":"https:\/\/websites.fraunhofer.de\/staedtischeagrikultur\/index.php\/aktionstag-bonn-wird-klima-garten-naechste-schritte-und-infos\/"},"author":{"name":"Andrea Muno-Lindenau","@id":"https:\/\/websites.fraunhofer.de\/staedtischeagrikultur\/#\/schema\/person\/dabcba7ebe182bc56fb449c9ef5ae58c"},"headline":"Aktionstag \u201eBonn wird Klima-Garten\u201c &#8211; n\u00e4chste Schritte und Infos","datePublished":"2018-11-07T12:47:27+00:00","dateModified":"2018-12-05T17:16:34+00:00","mainEntityOfPage":{"@id":"https:\/\/websites.fraunhofer.de\/staedtischeagrikultur\/index.php\/aktionstag-bonn-wird-klima-garten-naechste-schritte-und-infos\/"},"wordCount":497,"publisher":{"@id":"https:\/\/websites.fraunhofer.de\/staedtischeagrikultur\/#organization"},"image":{"@id":"https:\/\/websites.fraunhofer.de\/staedtischeagrikultur\/index.php\/aktionstag-bonn-wird-klima-garten-naechste-schritte-und-infos\/#primaryimage"},"thumbnailUrl":"https:\/\/staedtische-agrikultur.de\/wp-content\/uploads\/2018\/11\/IMG_4209.jpg","articleSection":["Aktion","Bericht"],"inLanguage":"de"},{"@type":"WebPage","@id":"https:\/\/websites.fraunhofer.de\/staedtischeagrikultur\/index.php\/aktionstag-bonn-wird-klima-garten-naechste-schritte-und-infos\/","url":"https:\/\/websites.fraunhofer.de\/staedtischeagrikultur\/index.php\/aktionstag-bonn-wird-klima-garten-naechste-schritte-und-infos\/","name":"Aktionstag \u201eBonn wird Klima-Garten\u201c - n\u00e4chste Schritte und Infos - St\u00e4dtische Agrikultur","isPartOf":{"@id":"https:\/\/websites.fraunhofer.de\/staedtischeagrikultur\/#website"},"primaryImageOfPage":{"@id":"https:\/\/websites.fraunhofer.de\/staedtischeagrikultur\/index.php\/aktionstag-bonn-wird-klima-garten-naechste-schritte-und-infos\/#primaryimage"},"image":{"@id":"https:\/\/websites.fraunhofer.de\/staedtischeagrikultur\/index.php\/aktionstag-bonn-wird-klima-garten-naechste-schritte-und-infos\/#primaryimage"},"thumbnailUrl":"https:\/\/staedtische-agrikultur.de\/wp-content\/uploads\/2018\/11\/IMG_4209.jpg","datePublished":"2018-11-07T12:47:27+00:00","dateModified":"2018-12-05T17:16:34+00:00","breadcrumb":{"@id":"https:\/\/websites.fraunhofer.de\/staedtischeagrikultur\/index.php\/aktionstag-bonn-wird-klima-garten-naechste-schritte-und-infos\/#breadcrumb"},"inLanguage":"de","potentialAction":[{"@type":"ReadAction","target":["https:\/\/websites.fraunhofer.de\/staedtischeagrikultur\/index.php\/aktionstag-bonn-wird-klima-garten-naechste-schritte-und-infos\/"]}]},{"@type":"ImageObject","inLanguage":"de","@id":"https:\/\/websites.fraunhofer.de\/staedtischeagrikultur\/index.php\/aktionstag-bonn-wird-klima-garten-naechste-schritte-und-infos\/#primaryimage","url":"https:\/\/staedtische-agrikultur.de\/wp-content\/uploads\/2018\/11\/IMG_4209.jpg","contentUrl":"https:\/\/staedtische-agrikultur.de\/wp-content\/uploads\/2018\/11\/IMG_4209.jpg","width":3000,"height":2000},{"@type":"BreadcrumbList","@id":"https:\/\/websites.fraunhofer.de\/staedtischeagrikultur\/index.php\/aktionstag-bonn-wird-klima-garten-naechste-schritte-und-infos\/#breadcrumb","itemListElement":[{"@type":"ListItem","position":1,"name":"Startseite","item":"https:\/\/websites.fraunhofer.de\/staedtischeagrikultur\/"},{"@type":"ListItem","position":2,"name":"Aktionstag \u201eBonn wird Klima-Garten\u201c &#8211; n\u00e4chste Schritte und Infos"}]},{"@type":"WebSite","@id":"https:\/\/websites.fraunhofer.de\/staedtischeagrikultur\/#website","url":"https:\/\/websites.fraunhofer.de\/staedtischeagrikultur\/","name":"St\u00e4dtische Agrikultur","description":"SAIN","publisher":{"@id":"https:\/\/websites.fraunhofer.de\/staedtischeagrikultur\/#organization"},"potentialAction":[{"@type":"SearchAction","target":{"@type":"EntryPoint","urlTemplate":"https:\/\/websites.fraunhofer.de\/staedtischeagrikultur\/?s={search_term_string}"},"query-input":{"@type":"PropertyValueSpecification","valueRequired":true,"valueName":"search_term_string"}}],"inLanguage":"de"},{"@type":"Organization","@id":"https:\/\/websites.fraunhofer.de\/staedtischeagrikultur\/#organization","name":"St\u00e4dtische Agrikultur","url":"https:\/\/websites.fraunhofer.de\/staedtischeagrikultur\/","logo":{"@type":"ImageObject","inLanguage":"de","@id":"https:\/\/websites.fraunhofer.de\/staedtischeagrikultur\/#\/schema\/logo\/image\/","url":"https:\/\/staedtische-agrikultur.de\/wp-content\/uploads\/2017\/10\/SAIN-Logo_V4_N-k\u00fcrzer_edit-170831_Fraunhofer-Gr\u00fcn.png","contentUrl":"https:\/\/staedtische-agrikultur.de\/wp-content\/uploads\/2017\/10\/SAIN-Logo_V4_N-k\u00fcrzer_edit-170831_Fraunhofer-Gr\u00fcn.png","width":1666,"height":1666,"caption":"St\u00e4dtische Agrikultur"},"image":{"@id":"https:\/\/websites.fraunhofer.de\/staedtischeagrikultur\/#\/schema\/logo\/image\/"},"sameAs":["https:\/\/www.facebook.com\/SAINagrikultur\/","https:\/\/www.youtube.com\/channel\/UCeFQ74xB7C6-DHKwI1k9E3Q"]},{"@type":"Person","@id":"https:\/\/websites.fraunhofer.de\/staedtischeagrikultur\/#\/schema\/person\/dabcba7ebe182bc56fb449c9ef5ae58c","name":"Andrea Muno-Lindenau","image":{"@type":"ImageObject","inLanguage":"de","@id":"https:\/\/secure.gravatar.com\/avatar\/279ed24d24faaba674af2e8d81fd7d3762aae302bf6d13b04adedd744dd4f7bd?s=96&d=mm&r=g","url":"https:\/\/secure.gravatar.com\/avatar\/279ed24d24faaba674af2e8d81fd7d3762aae302bf6d13b04adedd744dd4f7bd?s=96&d=mm&r=g","contentUrl":"https:\/\/secure.gravatar.com\/avatar\/279ed24d24faaba674af2e8d81fd7d3762aae302bf6d13b04adedd744dd4f7bd?s=96&d=mm&r=g","caption":"Andrea Muno-Lindenau"},"url":"https:\/\/staedtische-agrikultur.de\/index.php\/author\/andrea\/"}]}},"_links":{"self":[{"href":"https:\/\/staedtische-agrikultur.de\/index.php\/wp-json\/wp\/v2\/posts\/5322","targetHints":{"allow":["GET"]}}],"collection":[{"href":"https:\/\/staedtische-agrikultur.de\/index.php\/wp-json\/wp\/v2\/posts"}],"about":[{"href":"https:\/\/staedtische-agrikultur.de\/index.php\/wp-json\/wp\/v2\/types\/post"}],"author":[{"embeddable":true,"href":"https:\/\/staedtische-agrikultur.de\/index.php\/wp-json\/wp\/v2\/users\/3"}],"replies":[{"embeddable":true,"href":"https:\/\/staedtische-agrikultur.de\/index.php\/wp-json\/wp\/v2\/comments?post=5322"}],"version-history":[{"count":0,"href":"https:\/\/staedtische-agrikultur.de\/index.php\/wp-json\/wp\/v2\/posts\/5322\/revisions"}],"wp:featuredmedia":[{"embeddable":true,"href":"https:\/\/staedtische-agrikultur.de\/index.php\/wp-json\/wp\/v2\/media\/5332"}],"wp:attachment":[{"href":"https:\/\/staedtische-agrikultur.de\/index.php\/wp-json\/wp\/v2\/media?parent=5322"}],"wp:term":[{"taxonomy":"category","embeddable":true,"href":"https:\/\/staedtische-agrikultur.de\/index.php\/wp-json\/wp\/v2\/categories?post=5322"},{"taxonomy":"post_tag","embeddable":true,"href":"https:\/\/staedtische-agrikultur.de\/index.php\/wp-json\/wp\/v2\/tags?post=5322"}],"curies":[{"name":"wp","href":"https:\/\/api.w.org\/{rel}","templated":true}]}}