{"id":3586,"date":"2018-05-11T11:30:42","date_gmt":"2018-05-11T09:30:42","guid":{"rendered":"https:\/\/websites.fraunhofer.de\/staedtische-agrikultur\/?p=3586"},"modified":"2018-11-30T12:52:21","modified_gmt":"2018-11-30T11:52:21","slug":"14-mai-18-netzwerktreffen-in-oberhausen","status":"publish","type":"post","link":"https:\/\/staedtische-agrikultur.de\/index.php\/14-mai-18-netzwerktreffen-in-oberhausen\/","title":{"rendered":"14. Mai &#8217;18 \u2013 Netzwerktreffen in Oberhausen"},"content":{"rendered":"<p>[et_pb_section fb_built=&#8220;1&#8243; _builder_version=&#8220;3.17.6&#8243; background_color=&#8220;#953735&#8243;][et_pb_row _builder_version=&#8220;3.0.47&#8243; background_size=&#8220;initial&#8220; background_position=&#8220;top_left&#8220; background_repeat=&#8220;repeat&#8220;][et_pb_column type=&#8220;1_2&#8243; _builder_version=&#8220;3.0.47&#8243; parallax=&#8220;off&#8220; parallax_method=&#8220;on&#8220;][et_pb_text _builder_version=&#8220;3.17.6&#8243; saved_tabs=&#8220;all&#8220;]<\/p>\n<h1><span style=\";\">4. Netzwerktreffen der Oberhausener SAIN-Akteur*innen<\/span><\/h1>\n<p><span style=\"\">Foto: Volkmar Keuter, Fraunhofer UMSICHT<\/span><\/p>\n<p><span style=\"\"><\/span><\/p>\n<p><span style=\";\">Es ist Mai, in der Stadt summt und bl\u00fcht es und die Zeit des G\u00e4rtnerns und Anbauens ist in vollem Gange. H\u00f6chste Zeit also f\u00fcr alle Interessierten in Oberhausen die ersten Anst\u00f6\u00dfe f\u00fcr eine bessere st\u00e4dtische Agrikultur zu konkretisieren und voranzutreiben.<\/span><\/p>\n<p><span style=\"\">Wir blicken auf einen Monat voll Hochbeet-Planung und nicht zuletzt den Hochbeetbau w\u00e4hrend des Tages der St\u00e4dtebauf\u00f6rderung zur\u00fcck. Um Ihnen von den letzten Aktivit\u00e4ten der SAIN-Akteur*innen zu berichten und die Arbeiten in den einzelnen Projekt-AGs voranzutreiben, laden wir Sie dieses Mal wieder an das Fraunhofer Institut UMSICHT ein.<\/span><\/p>\n<p><strong>Bitte \u00fcberlegen Sie sich bereits, an welchem Projekt Sie gerne mitarbeiten und welche Fragen Sie im Rahmen der Projekt-AG (siehe Steckbriefe auf der rechten Seite) bearbeiten m\u00f6chten.<\/strong> Dar\u00fcber hinaus freuen wir uns selbstverst\u00e4ndlich immer wieder \u00fcber neue SAIN-Interessierte und neue Ideen und W\u00fcnsche.<\/p>\n<p>Willkommen sind alle, die im st\u00e4dtischen Raum Lebensmittel produzieren, verarbeiten, vermarkten, verteilen und\/oder mitgestalten m\u00f6chten: Schreberg\u00e4rtner, Imker, Pferde-, Tauben- und Kaninchenz\u00fcchter, Insekten- Fisch- und Pilzproduzenten, Landwirte, botanische G\u00e4rten, Initiativen wie Gemeinschaftsg\u00e4rten, B\u00fcrger*innen, Maker und T\u00fcftler, Vertreter der Stadt, Laien-Experten und Wissenschaftler uvm.<\/p>\n<p><span style=\"\"><strong><\/strong><\/span><\/p>\n<p><span style=\";\"><strong>Datum:<\/strong> 14. Mai 2018, 18.00 bis 20.30 Uhr<\/span><\/p>\n<p><span style=\";\"><strong>Ort:<\/strong> Fraunhofer UMSICHT, Osterfelder Stra\u00dfe 3, <span itemprop=\"postal-code\">46047<\/span> <span itemprop=\"locality\"><\/span>Oberhausen (Geb\u00e4ude A, Kantine im Erdgeschoss \u2013 Pf\u00f6rtner \u00f6ffnet bei Bet\u00e4tigen der T\u00fcrklingel)<\/span><\/p>\n<p><span style=\";\"><strong>Kosten:<\/strong> kostenfrei<\/span><\/p>\n<p><span style=\";\"><strong>Anmeldung: <\/strong>F\u00fcr unsere Vorbereitungen bitten wir um Ihre freiwillige Anmeldung \u00fcber <a style=\"\" href=\"mailto:simone.krause@umsicht.fraunhofer.de\" target=\"_blank\" rel=\"noopener noreferrer\">simone.krause@umsicht.fraunhofer.de<\/a> oder kommen Sie einfach direkt vorbei!<br \/> <\/span><\/p>\n<div class=\"et-animated-content\" id=\"page-container\" style=\"padding-top: 94px; margin-top: -51px; -ms-overflow-y: hidden;\">\n<div id=\"et-main-area\">\n<div id=\"main-content\">\n<div class=\"container\">\n<div class=\"clearfix\" id=\"content-area\">\n<div id=\"left-area\">\n<article class=\"et_pb_post post-3544 post type-post status-publish format-standard has-post-thumbnail hentry category-allgemein category-sain-blog\" id=\"post-3544\"><\/article>\n<\/div>\n<\/div>\n<\/div>\n<\/div>\n<\/div>\n<\/div>\n<div class=\"et-animated-content\" id=\"page-container\" style=\"padding-top: 94px; margin-top: -51px; -ms-overflow-y: hidden;\">\n<div id=\"et-main-area\">\n<div id=\"main-content\">\n<div class=\"container\">\n<div class=\"clearfix\" id=\"content-area\">\n<div id=\"left-area\">\n<article class=\"et_pb_post post-3232 post type-post status-publish format-standard has-post-thumbnail hentry category-archiv\" id=\"post-3232\"><\/article>\n<\/div>\n<\/div>\n<\/div>\n<\/div>\n<\/div>\n<\/div>\n<p><span style=\"color: #000000;\"><br \/> <\/span><\/p>\n<p>[\/et_pb_text][\/et_pb_column][et_pb_column type=&#8220;1_2&#8243; _builder_version=&#8220;3.0.47&#8243; parallax=&#8220;off&#8220; parallax_method=&#8220;on&#8220;][et_pb_blurb title=&#8220;Steckbriefe SAIN Projekt-AGs&#8220; url=&#8220;https:\/\/staedtische-agrikultur.de\/wp-content\/uploads\/2018\/05\/Steckbriefe_SAIN.pdf&#8220; url_new_window=&#8220;on&#8220; use_icon=&#8220;on&#8220; font_icon=&#8220;%%158%%&#8220; icon_placement=&#8220;left&#8220; content_max_width=&#8220;1000px&#8220; image_max_width_last_edited=&#8220;on|desktop&#8220; content_max_width_last_edited=&#8220;on|desktop&#8220; _builder_version=&#8220;3.17.6&#8243; header_text_color=&#8220;#ffffff&#8220; header_font_size=&#8220;24px&#8220; header_line_height=&#8220;1.2em&#8220; body_font=&#8220;Comfortaa||||&#8220; body_text_align=&#8220;left&#8220; body_text_color=&#8220;#000000&#8243; body_font_size=&#8220;12px&#8220; max_width_last_edited=&#8220;on|desktop&#8220; module_alignment=&#8220;right&#8220; custom_margin=&#8220;0px|||&#8220; custom_padding=&#8220;0px|||&#8220; animation_style=&#8220;fold&#8220; saved_tabs=&#8220;all&#8220; header_font=&#8220;||||||||&#8220;][\/et_pb_blurb][et_pb_blurb title=&#8220;Zum Kontaktformular&#8220; url=&#8220;https:\/\/staedtische-agrikultur.de\/index.php\/kontakt&#8220; use_icon=&#8220;on&#8220; font_icon=&#8220;%%75%%&#8220; icon_placement=&#8220;left&#8220; content_max_width=&#8220;1000px&#8220; image_max_width_last_edited=&#8220;on|desktop&#8220; content_max_width_last_edited=&#8220;on|desktop&#8220; _builder_version=&#8220;3.17.6&#8243; header_text_color=&#8220;#ffffff&#8220; header_font_size=&#8220;24px&#8220; header_line_height=&#8220;1.2em&#8220; body_font=&#8220;Comfortaa||||&#8220; body_text_align=&#8220;left&#8220; body_text_color=&#8220;#000000&#8243; body_font_size=&#8220;12px&#8220; max_width_last_edited=&#8220;on|desktop&#8220; module_alignment=&#8220;right&#8220; custom_margin=&#8220;0px|||&#8220; custom_padding=&#8220;0px|||&#8220; animation_style=&#8220;fold&#8220; saved_tabs=&#8220;all&#8220; header_font=&#8220;||||||||&#8220;][\/et_pb_blurb][\/et_pb_column][\/et_pb_row][\/et_pb_section]<\/p>\n","protected":false},"excerpt":{"rendered":"<p>4. Netzwerktreffen der Oberhausener SAIN-Akteur*innen Foto: Volkmar Keuter, Fraunhofer UMSICHT Es ist Mai, in der Stadt summt und bl\u00fcht es und die Zeit des G\u00e4rtnerns und Anbauens ist in vollem Gange. H\u00f6chste Zeit also f\u00fcr alle Interessierten in Oberhausen die ersten Anst\u00f6\u00dfe f\u00fcr eine bessere st\u00e4dtische Agrikultur zu konkretisieren und voranzutreiben. Wir blicken auf einen [&hellip;]<\/p>\n","protected":false},"author":19,"featured_media":3550,"comment_status":"closed","ping_status":"closed","sticky":false,"template":"","format":"standard","meta":{"_et_pb_use_builder":"on","_et_pb_old_content":"","_et_gb_content_width":"","footnotes":""},"categories":[44],"tags":[],"class_list":["post-3586","post","type-post","status-publish","format-standard","has-post-thumbnail","hentry","category-archiv"],"yoast_head":"<!-- This site is optimized with the Yoast SEO plugin v27.5 - https:\/\/yoast.com\/product\/yoast-seo-wordpress\/ -->\n<title>14. Mai &#039;18 \u2013 Netzwerktreffen in Oberhausen - St\u00e4dtische Agrikultur<\/title>\n<meta name=\"robots\" content=\"index, follow, max-snippet:-1, max-image-preview:large, max-video-preview:-1\" \/>\n<link rel=\"canonical\" href=\"https:\/\/websites.fraunhofer.de\/staedtischeagrikultur\/index.php\/14-mai-18-netzwerktreffen-in-oberhausen\/\" \/>\n<meta property=\"og:locale\" content=\"de_DE\" \/>\n<meta property=\"og:type\" content=\"article\" \/>\n<meta property=\"og:title\" content=\"14. Mai &#039;18 \u2013 Netzwerktreffen in Oberhausen - St\u00e4dtische Agrikultur\" \/>\n<meta property=\"og:description\" content=\"4. Netzwerktreffen der Oberhausener SAIN-Akteur*innen Foto: Volkmar Keuter, Fraunhofer UMSICHT Es ist Mai, in der Stadt summt und bl\u00fcht es und die Zeit des G\u00e4rtnerns und Anbauens ist in vollem Gange. H\u00f6chste Zeit also f\u00fcr alle Interessierten in Oberhausen die ersten Anst\u00f6\u00dfe f\u00fcr eine bessere st\u00e4dtische Agrikultur zu konkretisieren und voranzutreiben. Wir blicken auf einen [&hellip;]\" \/>\n<meta property=\"og:url\" content=\"https:\/\/websites.fraunhofer.de\/staedtischeagrikultur\/index.php\/14-mai-18-netzwerktreffen-in-oberhausen\/\" \/>\n<meta property=\"og:site_name\" content=\"St\u00e4dtische Agrikultur\" \/>\n<meta property=\"article:publisher\" content=\"https:\/\/www.facebook.com\/SAINagrikultur\/\" \/>\n<meta property=\"article:published_time\" content=\"2018-05-11T09:30:42+00:00\" \/>\n<meta property=\"article:modified_time\" content=\"2018-11-30T11:52:21+00:00\" \/>\n<meta property=\"og:image\" content=\"https:\/\/websites.fraunhofer.de\/staedtischeagrikultur\/wp-content\/uploads\/2018\/05\/IMG_5987-e1525878028231.jpg\" \/>\n\t<meta property=\"og:image:width\" content=\"1000\" \/>\n\t<meta property=\"og:image:height\" content=\"667\" \/>\n\t<meta property=\"og:image:type\" content=\"image\/jpeg\" \/>\n<meta name=\"author\" content=\"Sabrina Gro\u00dfkopp\" \/>\n<meta name=\"twitter:card\" content=\"summary_large_image\" \/>\n<meta name=\"twitter:label1\" content=\"Verfasst von\" \/>\n\t<meta name=\"twitter:data1\" content=\"Sabrina Gro\u00dfkopp\" \/>\n\t<meta name=\"twitter:label2\" content=\"Gesch\u00e4tzte Lesezeit\" \/>\n\t<meta name=\"twitter:data2\" content=\"3\u00a0Minuten\" \/>\n<script type=\"application\/ld+json\" class=\"yoast-schema-graph\">{\"@context\":\"https:\\\/\\\/schema.org\",\"@graph\":[{\"@type\":\"Article\",\"@id\":\"https:\\\/\\\/websites.fraunhofer.de\\\/staedtischeagrikultur\\\/index.php\\\/14-mai-18-netzwerktreffen-in-oberhausen\\\/#article\",\"isPartOf\":{\"@id\":\"https:\\\/\\\/websites.fraunhofer.de\\\/staedtischeagrikultur\\\/index.php\\\/14-mai-18-netzwerktreffen-in-oberhausen\\\/\"},\"author\":{\"name\":\"Sabrina Gro\u00dfkopp\",\"@id\":\"https:\\\/\\\/websites.fraunhofer.de\\\/staedtischeagrikultur\\\/#\\\/schema\\\/person\\\/c74e195cb8137975e6757b99fdc5dc2d\"},\"headline\":\"14. Mai &#8217;18 \u2013 Netzwerktreffen in Oberhausen\",\"datePublished\":\"2018-05-11T09:30:42+00:00\",\"dateModified\":\"2018-11-30T11:52:21+00:00\",\"mainEntityOfPage\":{\"@id\":\"https:\\\/\\\/websites.fraunhofer.de\\\/staedtischeagrikultur\\\/index.php\\\/14-mai-18-netzwerktreffen-in-oberhausen\\\/\"},\"wordCount\":528,\"publisher\":{\"@id\":\"https:\\\/\\\/websites.fraunhofer.de\\\/staedtischeagrikultur\\\/#organization\"},\"image\":{\"@id\":\"https:\\\/\\\/websites.fraunhofer.de\\\/staedtischeagrikultur\\\/index.php\\\/14-mai-18-netzwerktreffen-in-oberhausen\\\/#primaryimage\"},\"thumbnailUrl\":\"https:\\\/\\\/staedtische-agrikultur.de\\\/wp-content\\\/uploads\\\/2018\\\/05\\\/IMG_5987-e1525878028231.jpg\",\"articleSection\":[\"Archiv-Veranstaltungen\"],\"inLanguage\":\"de\"},{\"@type\":\"WebPage\",\"@id\":\"https:\\\/\\\/websites.fraunhofer.de\\\/staedtischeagrikultur\\\/index.php\\\/14-mai-18-netzwerktreffen-in-oberhausen\\\/\",\"url\":\"https:\\\/\\\/websites.fraunhofer.de\\\/staedtischeagrikultur\\\/index.php\\\/14-mai-18-netzwerktreffen-in-oberhausen\\\/\",\"name\":\"14. Mai '18 \u2013 Netzwerktreffen in Oberhausen - St\u00e4dtische Agrikultur\",\"isPartOf\":{\"@id\":\"https:\\\/\\\/websites.fraunhofer.de\\\/staedtischeagrikultur\\\/#website\"},\"primaryImageOfPage\":{\"@id\":\"https:\\\/\\\/websites.fraunhofer.de\\\/staedtischeagrikultur\\\/index.php\\\/14-mai-18-netzwerktreffen-in-oberhausen\\\/#primaryimage\"},\"image\":{\"@id\":\"https:\\\/\\\/websites.fraunhofer.de\\\/staedtischeagrikultur\\\/index.php\\\/14-mai-18-netzwerktreffen-in-oberhausen\\\/#primaryimage\"},\"thumbnailUrl\":\"https:\\\/\\\/staedtische-agrikultur.de\\\/wp-content\\\/uploads\\\/2018\\\/05\\\/IMG_5987-e1525878028231.jpg\",\"datePublished\":\"2018-05-11T09:30:42+00:00\",\"dateModified\":\"2018-11-30T11:52:21+00:00\",\"breadcrumb\":{\"@id\":\"https:\\\/\\\/websites.fraunhofer.de\\\/staedtischeagrikultur\\\/index.php\\\/14-mai-18-netzwerktreffen-in-oberhausen\\\/#breadcrumb\"},\"inLanguage\":\"de\",\"potentialAction\":[{\"@type\":\"ReadAction\",\"target\":[\"https:\\\/\\\/websites.fraunhofer.de\\\/staedtischeagrikultur\\\/index.php\\\/14-mai-18-netzwerktreffen-in-oberhausen\\\/\"]}]},{\"@type\":\"ImageObject\",\"inLanguage\":\"de\",\"@id\":\"https:\\\/\\\/websites.fraunhofer.de\\\/staedtischeagrikultur\\\/index.php\\\/14-mai-18-netzwerktreffen-in-oberhausen\\\/#primaryimage\",\"url\":\"https:\\\/\\\/staedtische-agrikultur.de\\\/wp-content\\\/uploads\\\/2018\\\/05\\\/IMG_5987-e1525878028231.jpg\",\"contentUrl\":\"https:\\\/\\\/staedtische-agrikultur.de\\\/wp-content\\\/uploads\\\/2018\\\/05\\\/IMG_5987-e1525878028231.jpg\",\"width\":1000,\"height\":667},{\"@type\":\"BreadcrumbList\",\"@id\":\"https:\\\/\\\/websites.fraunhofer.de\\\/staedtischeagrikultur\\\/index.php\\\/14-mai-18-netzwerktreffen-in-oberhausen\\\/#breadcrumb\",\"itemListElement\":[{\"@type\":\"ListItem\",\"position\":1,\"name\":\"Startseite\",\"item\":\"https:\\\/\\\/websites.fraunhofer.de\\\/staedtischeagrikultur\\\/\"},{\"@type\":\"ListItem\",\"position\":2,\"name\":\"14. Mai &#8217;18 \u2013 Netzwerktreffen in Oberhausen\"}]},{\"@type\":\"WebSite\",\"@id\":\"https:\\\/\\\/websites.fraunhofer.de\\\/staedtischeagrikultur\\\/#website\",\"url\":\"https:\\\/\\\/websites.fraunhofer.de\\\/staedtischeagrikultur\\\/\",\"name\":\"St\u00e4dtische Agrikultur\",\"description\":\"SAIN\",\"publisher\":{\"@id\":\"https:\\\/\\\/websites.fraunhofer.de\\\/staedtischeagrikultur\\\/#organization\"},\"potentialAction\":[{\"@type\":\"SearchAction\",\"target\":{\"@type\":\"EntryPoint\",\"urlTemplate\":\"https:\\\/\\\/websites.fraunhofer.de\\\/staedtischeagrikultur\\\/?s={search_term_string}\"},\"query-input\":{\"@type\":\"PropertyValueSpecification\",\"valueRequired\":true,\"valueName\":\"search_term_string\"}}],\"inLanguage\":\"de\"},{\"@type\":\"Organization\",\"@id\":\"https:\\\/\\\/websites.fraunhofer.de\\\/staedtischeagrikultur\\\/#organization\",\"name\":\"St\u00e4dtische Agrikultur\",\"url\":\"https:\\\/\\\/websites.fraunhofer.de\\\/staedtischeagrikultur\\\/\",\"logo\":{\"@type\":\"ImageObject\",\"inLanguage\":\"de\",\"@id\":\"https:\\\/\\\/websites.fraunhofer.de\\\/staedtischeagrikultur\\\/#\\\/schema\\\/logo\\\/image\\\/\",\"url\":\"https:\\\/\\\/staedtische-agrikultur.de\\\/wp-content\\\/uploads\\\/2017\\\/10\\\/SAIN-Logo_V4_N-k\u00fcrzer_edit-170831_Fraunhofer-Gr\u00fcn.png\",\"contentUrl\":\"https:\\\/\\\/staedtische-agrikultur.de\\\/wp-content\\\/uploads\\\/2017\\\/10\\\/SAIN-Logo_V4_N-k\u00fcrzer_edit-170831_Fraunhofer-Gr\u00fcn.png\",\"width\":1666,\"height\":1666,\"caption\":\"St\u00e4dtische Agrikultur\"},\"image\":{\"@id\":\"https:\\\/\\\/websites.fraunhofer.de\\\/staedtischeagrikultur\\\/#\\\/schema\\\/logo\\\/image\\\/\"},\"sameAs\":[\"https:\\\/\\\/www.facebook.com\\\/SAINagrikultur\\\/\",\"https:\\\/\\\/www.youtube.com\\\/channel\\\/UCeFQ74xB7C6-DHKwI1k9E3Q\"]},{\"@type\":\"Person\",\"@id\":\"https:\\\/\\\/websites.fraunhofer.de\\\/staedtischeagrikultur\\\/#\\\/schema\\\/person\\\/c74e195cb8137975e6757b99fdc5dc2d\",\"name\":\"Sabrina Gro\u00dfkopp\",\"image\":{\"@type\":\"ImageObject\",\"inLanguage\":\"de\",\"@id\":\"https:\\\/\\\/secure.gravatar.com\\\/avatar\\\/30d83922ba8d8b6c5ddd1e8d573781fa0d415f6d09f45cd95bb2ba0b1d653970?s=96&d=mm&r=g\",\"url\":\"https:\\\/\\\/secure.gravatar.com\\\/avatar\\\/30d83922ba8d8b6c5ddd1e8d573781fa0d415f6d09f45cd95bb2ba0b1d653970?s=96&d=mm&r=g\",\"contentUrl\":\"https:\\\/\\\/secure.gravatar.com\\\/avatar\\\/30d83922ba8d8b6c5ddd1e8d573781fa0d415f6d09f45cd95bb2ba0b1d653970?s=96&d=mm&r=g\",\"caption\":\"Sabrina Gro\u00dfkopp\"},\"url\":\"https:\\\/\\\/staedtische-agrikultur.de\\\/index.php\\\/author\\\/sabrina\\\/\"}]}<\/script>\n<!-- \/ Yoast SEO plugin. -->","yoast_head_json":{"title":"14. Mai '18 \u2013 Netzwerktreffen in Oberhausen - St\u00e4dtische Agrikultur","robots":{"index":"index","follow":"follow","max-snippet":"max-snippet:-1","max-image-preview":"max-image-preview:large","max-video-preview":"max-video-preview:-1"},"canonical":"https:\/\/websites.fraunhofer.de\/staedtischeagrikultur\/index.php\/14-mai-18-netzwerktreffen-in-oberhausen\/","og_locale":"de_DE","og_type":"article","og_title":"14. Mai '18 \u2013 Netzwerktreffen in Oberhausen - St\u00e4dtische Agrikultur","og_description":"4. Netzwerktreffen der Oberhausener SAIN-Akteur*innen Foto: Volkmar Keuter, Fraunhofer UMSICHT Es ist Mai, in der Stadt summt und bl\u00fcht es und die Zeit des G\u00e4rtnerns und Anbauens ist in vollem Gange. H\u00f6chste Zeit also f\u00fcr alle Interessierten in Oberhausen die ersten Anst\u00f6\u00dfe f\u00fcr eine bessere st\u00e4dtische Agrikultur zu konkretisieren und voranzutreiben. Wir blicken auf einen [&hellip;]","og_url":"https:\/\/websites.fraunhofer.de\/staedtischeagrikultur\/index.php\/14-mai-18-netzwerktreffen-in-oberhausen\/","og_site_name":"St\u00e4dtische Agrikultur","article_publisher":"https:\/\/www.facebook.com\/SAINagrikultur\/","article_published_time":"2018-05-11T09:30:42+00:00","article_modified_time":"2018-11-30T11:52:21+00:00","og_image":[{"width":1000,"height":667,"url":"https:\/\/websites.fraunhofer.de\/staedtischeagrikultur\/wp-content\/uploads\/2018\/05\/IMG_5987-e1525878028231.jpg","type":"image\/jpeg"}],"author":"Sabrina Gro\u00dfkopp","twitter_card":"summary_large_image","twitter_misc":{"Verfasst von":"Sabrina Gro\u00dfkopp","Gesch\u00e4tzte Lesezeit":"3\u00a0Minuten"},"schema":{"@context":"https:\/\/schema.org","@graph":[{"@type":"Article","@id":"https:\/\/websites.fraunhofer.de\/staedtischeagrikultur\/index.php\/14-mai-18-netzwerktreffen-in-oberhausen\/#article","isPartOf":{"@id":"https:\/\/websites.fraunhofer.de\/staedtischeagrikultur\/index.php\/14-mai-18-netzwerktreffen-in-oberhausen\/"},"author":{"name":"Sabrina Gro\u00dfkopp","@id":"https:\/\/websites.fraunhofer.de\/staedtischeagrikultur\/#\/schema\/person\/c74e195cb8137975e6757b99fdc5dc2d"},"headline":"14. Mai &#8217;18 \u2013 Netzwerktreffen in Oberhausen","datePublished":"2018-05-11T09:30:42+00:00","dateModified":"2018-11-30T11:52:21+00:00","mainEntityOfPage":{"@id":"https:\/\/websites.fraunhofer.de\/staedtischeagrikultur\/index.php\/14-mai-18-netzwerktreffen-in-oberhausen\/"},"wordCount":528,"publisher":{"@id":"https:\/\/websites.fraunhofer.de\/staedtischeagrikultur\/#organization"},"image":{"@id":"https:\/\/websites.fraunhofer.de\/staedtischeagrikultur\/index.php\/14-mai-18-netzwerktreffen-in-oberhausen\/#primaryimage"},"thumbnailUrl":"https:\/\/staedtische-agrikultur.de\/wp-content\/uploads\/2018\/05\/IMG_5987-e1525878028231.jpg","articleSection":["Archiv-Veranstaltungen"],"inLanguage":"de"},{"@type":"WebPage","@id":"https:\/\/websites.fraunhofer.de\/staedtischeagrikultur\/index.php\/14-mai-18-netzwerktreffen-in-oberhausen\/","url":"https:\/\/websites.fraunhofer.de\/staedtischeagrikultur\/index.php\/14-mai-18-netzwerktreffen-in-oberhausen\/","name":"14. Mai '18 \u2013 Netzwerktreffen in Oberhausen - St\u00e4dtische Agrikultur","isPartOf":{"@id":"https:\/\/websites.fraunhofer.de\/staedtischeagrikultur\/#website"},"primaryImageOfPage":{"@id":"https:\/\/websites.fraunhofer.de\/staedtischeagrikultur\/index.php\/14-mai-18-netzwerktreffen-in-oberhausen\/#primaryimage"},"image":{"@id":"https:\/\/websites.fraunhofer.de\/staedtischeagrikultur\/index.php\/14-mai-18-netzwerktreffen-in-oberhausen\/#primaryimage"},"thumbnailUrl":"https:\/\/staedtische-agrikultur.de\/wp-content\/uploads\/2018\/05\/IMG_5987-e1525878028231.jpg","datePublished":"2018-05-11T09:30:42+00:00","dateModified":"2018-11-30T11:52:21+00:00","breadcrumb":{"@id":"https:\/\/websites.fraunhofer.de\/staedtischeagrikultur\/index.php\/14-mai-18-netzwerktreffen-in-oberhausen\/#breadcrumb"},"inLanguage":"de","potentialAction":[{"@type":"ReadAction","target":["https:\/\/websites.fraunhofer.de\/staedtischeagrikultur\/index.php\/14-mai-18-netzwerktreffen-in-oberhausen\/"]}]},{"@type":"ImageObject","inLanguage":"de","@id":"https:\/\/websites.fraunhofer.de\/staedtischeagrikultur\/index.php\/14-mai-18-netzwerktreffen-in-oberhausen\/#primaryimage","url":"https:\/\/staedtische-agrikultur.de\/wp-content\/uploads\/2018\/05\/IMG_5987-e1525878028231.jpg","contentUrl":"https:\/\/staedtische-agrikultur.de\/wp-content\/uploads\/2018\/05\/IMG_5987-e1525878028231.jpg","width":1000,"height":667},{"@type":"BreadcrumbList","@id":"https:\/\/websites.fraunhofer.de\/staedtischeagrikultur\/index.php\/14-mai-18-netzwerktreffen-in-oberhausen\/#breadcrumb","itemListElement":[{"@type":"ListItem","position":1,"name":"Startseite","item":"https:\/\/websites.fraunhofer.de\/staedtischeagrikultur\/"},{"@type":"ListItem","position":2,"name":"14. Mai &#8217;18 \u2013 Netzwerktreffen in Oberhausen"}]},{"@type":"WebSite","@id":"https:\/\/websites.fraunhofer.de\/staedtischeagrikultur\/#website","url":"https:\/\/websites.fraunhofer.de\/staedtischeagrikultur\/","name":"St\u00e4dtische Agrikultur","description":"SAIN","publisher":{"@id":"https:\/\/websites.fraunhofer.de\/staedtischeagrikultur\/#organization"},"potentialAction":[{"@type":"SearchAction","target":{"@type":"EntryPoint","urlTemplate":"https:\/\/websites.fraunhofer.de\/staedtischeagrikultur\/?s={search_term_string}"},"query-input":{"@type":"PropertyValueSpecification","valueRequired":true,"valueName":"search_term_string"}}],"inLanguage":"de"},{"@type":"Organization","@id":"https:\/\/websites.fraunhofer.de\/staedtischeagrikultur\/#organization","name":"St\u00e4dtische Agrikultur","url":"https:\/\/websites.fraunhofer.de\/staedtischeagrikultur\/","logo":{"@type":"ImageObject","inLanguage":"de","@id":"https:\/\/websites.fraunhofer.de\/staedtischeagrikultur\/#\/schema\/logo\/image\/","url":"https:\/\/staedtische-agrikultur.de\/wp-content\/uploads\/2017\/10\/SAIN-Logo_V4_N-k\u00fcrzer_edit-170831_Fraunhofer-Gr\u00fcn.png","contentUrl":"https:\/\/staedtische-agrikultur.de\/wp-content\/uploads\/2017\/10\/SAIN-Logo_V4_N-k\u00fcrzer_edit-170831_Fraunhofer-Gr\u00fcn.png","width":1666,"height":1666,"caption":"St\u00e4dtische Agrikultur"},"image":{"@id":"https:\/\/websites.fraunhofer.de\/staedtischeagrikultur\/#\/schema\/logo\/image\/"},"sameAs":["https:\/\/www.facebook.com\/SAINagrikultur\/","https:\/\/www.youtube.com\/channel\/UCeFQ74xB7C6-DHKwI1k9E3Q"]},{"@type":"Person","@id":"https:\/\/websites.fraunhofer.de\/staedtischeagrikultur\/#\/schema\/person\/c74e195cb8137975e6757b99fdc5dc2d","name":"Sabrina Gro\u00dfkopp","image":{"@type":"ImageObject","inLanguage":"de","@id":"https:\/\/secure.gravatar.com\/avatar\/30d83922ba8d8b6c5ddd1e8d573781fa0d415f6d09f45cd95bb2ba0b1d653970?s=96&d=mm&r=g","url":"https:\/\/secure.gravatar.com\/avatar\/30d83922ba8d8b6c5ddd1e8d573781fa0d415f6d09f45cd95bb2ba0b1d653970?s=96&d=mm&r=g","contentUrl":"https:\/\/secure.gravatar.com\/avatar\/30d83922ba8d8b6c5ddd1e8d573781fa0d415f6d09f45cd95bb2ba0b1d653970?s=96&d=mm&r=g","caption":"Sabrina Gro\u00dfkopp"},"url":"https:\/\/staedtische-agrikultur.de\/index.php\/author\/sabrina\/"}]}},"_links":{"self":[{"href":"https:\/\/staedtische-agrikultur.de\/index.php\/wp-json\/wp\/v2\/posts\/3586","targetHints":{"allow":["GET"]}}],"collection":[{"href":"https:\/\/staedtische-agrikultur.de\/index.php\/wp-json\/wp\/v2\/posts"}],"about":[{"href":"https:\/\/staedtische-agrikultur.de\/index.php\/wp-json\/wp\/v2\/types\/post"}],"author":[{"embeddable":true,"href":"https:\/\/staedtische-agrikultur.de\/index.php\/wp-json\/wp\/v2\/users\/19"}],"replies":[{"embeddable":true,"href":"https:\/\/staedtische-agrikultur.de\/index.php\/wp-json\/wp\/v2\/comments?post=3586"}],"version-history":[{"count":0,"href":"https:\/\/staedtische-agrikultur.de\/index.php\/wp-json\/wp\/v2\/posts\/3586\/revisions"}],"wp:featuredmedia":[{"embeddable":true,"href":"https:\/\/staedtische-agrikultur.de\/index.php\/wp-json\/wp\/v2\/media\/3550"}],"wp:attachment":[{"href":"https:\/\/staedtische-agrikultur.de\/index.php\/wp-json\/wp\/v2\/media?parent=3586"}],"wp:term":[{"taxonomy":"category","embeddable":true,"href":"https:\/\/staedtische-agrikultur.de\/index.php\/wp-json\/wp\/v2\/categories?post=3586"},{"taxonomy":"post_tag","embeddable":true,"href":"https:\/\/staedtische-agrikultur.de\/index.php\/wp-json\/wp\/v2\/tags?post=3586"}],"curies":[{"name":"wp","href":"https:\/\/api.w.org\/{rel}","templated":true}]}}