{"id":3115,"date":"2018-02-22T12:58:33","date_gmt":"2018-02-22T11:58:33","guid":{"rendered":"https:\/\/websites.fraunhofer.de\/staedtische-agrikultur\/?p=3115"},"modified":"2018-12-05T13:12:00","modified_gmt":"2018-12-05T12:12:00","slug":"3-netzwerktreffen-in-bonn-bericht","status":"publish","type":"post","link":"https:\/\/staedtische-agrikultur.de\/index.php\/3-netzwerktreffen-in-bonn-bericht\/","title":{"rendered":"3. Netzwerktreffen in Bonn"},"content":{"rendered":"<p>[et_pb_section bb_built=&#8220;1&#8243; _builder_version=&#8220;3.17.6&#8243; background_color=&#8220;#604a7b&#8220;][et_pb_row _builder_version=&#8220;3.0.47&#8243; background_size=&#8220;initial&#8220; background_position=&#8220;top_left&#8220; background_repeat=&#8220;repeat&#8220;][et_pb_column type=&#8220;1_2&#8243;][et_pb_text _builder_version=&#8220;3.17.6&#8243; background_layout=&#8220;dark&#8220;]<\/p>\n<h1><span style=\";\">Das 3. Treffen der SAIN-Akteur*innen in Bonn<\/span><\/h1>\n<p><span style=\";\">Foto: WILA Bonn\/Andrea Muno-Lindenau<\/span><\/p>\n<p>&nbsp;<\/p>\n<p><span style=\";\">W\u00e4hrend des Bonner Netzwerktreffens am 20. Februar 2018 ist eine Visionscollage (siehe Beitragsbild) erstellt worden. Die Akteur*innen haben gemeinsam die &#8222;Big 5&#8220;, die f\u00fcnf wichtigsten Dinge, die sie in den n\u00e4chsten zwei Jahren und dar\u00fcber hinaus tun, sehen oder erleben wollen, benannt. Anschlie\u00dfend sind Arbeitsgruppen gebildet und hierf\u00fcr jeweils Ansprechpartner*innen benannt worden.<\/span><\/p>\n<p>[\/et_pb_text][\/et_pb_column][et_pb_column type=&#8220;1_2&#8243;][et_pb_blurb title=&#8220;Pr\u00e4sentation SAIN in Bonn&#8220; url=&#8220;https:\/\/staedtische-agrikultur.de\/wp-content\/uploads\/2018\/03\/2018_Pr\u00e4sentation_SAIN_Bonn.pdf&#8220; use_icon=&#8220;on&#8220; font_icon=&#8220;%%158%%&#8220; icon_placement=&#8220;left&#8220; content_max_width=&#8220;1000px&#8220; image_max_width_last_edited=&#8220;on|desktop&#8220; content_max_width_last_edited=&#8220;on|desktop&#8220; _builder_version=&#8220;3.17.6&#8243; header_font_size=&#8220;24px&#8220; header_text_color=&#8220;#ffffff&#8220; header_line_height=&#8220;1.2em&#8220; body_font=&#8220;Comfortaa||||&#8220; body_text_align=&#8220;left&#8220; body_font_size=&#8220;12px&#8220; body_text_color=&#8220;#000000&#8243; max_width_last_edited=&#8220;on|desktop&#8220; module_alignment=&#8220;right&#8220; custom_margin=&#8220;0px|||&#8220; custom_padding=&#8220;0px|||&#8220; animation_style=&#8220;fold&#8220; saved_tabs=&#8220;all&#8220; url_new_window=&#8220;on&#8220; \/][et_pb_blurb title=&#8220;Zum Kontaktformular&#8220; url=&#8220;https:\/\/staedtische-agrikultur.de\/index.php\/kontakt&#8220; use_icon=&#8220;on&#8220; font_icon=&#8220;%%75%%&#8220; icon_placement=&#8220;left&#8220; content_max_width=&#8220;1000px&#8220; image_max_width_last_edited=&#8220;on|desktop&#8220; content_max_width_last_edited=&#8220;on|desktop&#8220; _builder_version=&#8220;3.17.6&#8243; header_font_size=&#8220;24px&#8220; header_text_color=&#8220;#ffffff&#8220; header_line_height=&#8220;1.2em&#8220; body_font=&#8220;Comfortaa||||&#8220; body_text_align=&#8220;left&#8220; body_font_size=&#8220;12px&#8220; body_text_color=&#8220;#000000&#8243; max_width_last_edited=&#8220;on|desktop&#8220; module_alignment=&#8220;right&#8220; custom_margin=&#8220;0px|||&#8220; custom_padding=&#8220;0px|||&#8220; animation_style=&#8220;fold&#8220; saved_tabs=&#8220;all&#8220; \/][\/et_pb_column][\/et_pb_row][\/et_pb_section]<\/p>\n","protected":false},"excerpt":{"rendered":"<p>Das 3. Treffen der SAIN-Akteur*innen in Bonn Foto: WILA Bonn\/Andrea Muno-Lindenau &nbsp; W\u00e4hrend des Bonner Netzwerktreffens am 20. Februar 2018 ist eine Visionscollage (siehe Beitragsbild) erstellt worden. Die Akteur*innen haben gemeinsam die &#8222;Big 5&#8220;, die f\u00fcnf wichtigsten Dinge, die sie in den n\u00e4chsten zwei Jahren und dar\u00fcber hinaus tun, sehen oder erleben wollen, benannt. Anschlie\u00dfend [&hellip;]<\/p>\n","protected":false},"author":2,"featured_media":3116,"comment_status":"closed","ping_status":"closed","sticky":false,"template":"","format":"standard","meta":{"_et_pb_use_builder":"on","_et_pb_old_content":"","_et_gb_content_width":"","footnotes":""},"categories":[53,61,56],"tags":[],"class_list":["post-3115","post","type-post","status-publish","format-standard","has-post-thumbnail","hentry","category-bericht","category-bonn","category-netzwerktreffen"],"yoast_head":"<!-- This site is optimized with the Yoast SEO plugin v27.5 - https:\/\/yoast.com\/product\/yoast-seo-wordpress\/ -->\n<title>3. Netzwerktreffen in Bonn - St\u00e4dtische Agrikultur<\/title>\n<meta name=\"robots\" content=\"index, follow, max-snippet:-1, max-image-preview:large, max-video-preview:-1\" \/>\n<link rel=\"canonical\" href=\"https:\/\/websites.fraunhofer.de\/staedtischeagrikultur\/index.php\/3-netzwerktreffen-in-bonn-bericht\/\" \/>\n<meta property=\"og:locale\" content=\"de_DE\" \/>\n<meta property=\"og:type\" content=\"article\" \/>\n<meta property=\"og:title\" content=\"3. Netzwerktreffen in Bonn - St\u00e4dtische Agrikultur\" \/>\n<meta property=\"og:description\" content=\"Das 3. Treffen der SAIN-Akteur*innen in Bonn Foto: WILA Bonn\/Andrea Muno-Lindenau &nbsp; W\u00e4hrend des Bonner Netzwerktreffens am 20. Februar 2018 ist eine Visionscollage (siehe Beitragsbild) erstellt worden. Die Akteur*innen haben gemeinsam die &quot;Big 5&quot;, die f\u00fcnf wichtigsten Dinge, die sie in den n\u00e4chsten zwei Jahren und dar\u00fcber hinaus tun, sehen oder erleben wollen, benannt. Anschlie\u00dfend [&hellip;]\" \/>\n<meta property=\"og:url\" content=\"https:\/\/websites.fraunhofer.de\/staedtischeagrikultur\/index.php\/3-netzwerktreffen-in-bonn-bericht\/\" \/>\n<meta property=\"og:site_name\" content=\"St\u00e4dtische Agrikultur\" \/>\n<meta property=\"article:publisher\" content=\"https:\/\/www.facebook.com\/SAINagrikultur\/\" \/>\n<meta property=\"article:published_time\" content=\"2018-02-22T11:58:33+00:00\" \/>\n<meta property=\"article:modified_time\" content=\"2018-12-05T12:12:00+00:00\" \/>\n<meta property=\"og:image\" content=\"https:\/\/websites.fraunhofer.de\/staedtischeagrikultur\/wp-content\/uploads\/2018\/03\/Big-5-for-SAIN_komprimiert.jpg\" \/>\n\t<meta property=\"og:image:width\" content=\"768\" \/>\n\t<meta property=\"og:image:height\" content=\"883\" \/>\n\t<meta property=\"og:image:type\" content=\"image\/jpeg\" \/>\n<meta name=\"author\" content=\"Simone Krause\" \/>\n<meta name=\"twitter:card\" content=\"summary_large_image\" \/>\n<meta name=\"twitter:label1\" content=\"Verfasst von\" \/>\n\t<meta name=\"twitter:data1\" content=\"Simone Krause\" \/>\n\t<meta name=\"twitter:label2\" content=\"Gesch\u00e4tzte Lesezeit\" \/>\n\t<meta name=\"twitter:data2\" content=\"2\u00a0Minuten\" \/>\n<script type=\"application\/ld+json\" class=\"yoast-schema-graph\">{\"@context\":\"https:\\\/\\\/schema.org\",\"@graph\":[{\"@type\":\"Article\",\"@id\":\"https:\\\/\\\/websites.fraunhofer.de\\\/staedtischeagrikultur\\\/index.php\\\/3-netzwerktreffen-in-bonn-bericht\\\/#article\",\"isPartOf\":{\"@id\":\"https:\\\/\\\/websites.fraunhofer.de\\\/staedtischeagrikultur\\\/index.php\\\/3-netzwerktreffen-in-bonn-bericht\\\/\"},\"author\":{\"name\":\"Simone Krause\",\"@id\":\"https:\\\/\\\/websites.fraunhofer.de\\\/staedtischeagrikultur\\\/#\\\/schema\\\/person\\\/5b7a66c242b6b973dec8de1bc035adbc\"},\"headline\":\"3. Netzwerktreffen in Bonn\",\"datePublished\":\"2018-02-22T11:58:33+00:00\",\"dateModified\":\"2018-12-05T12:12:00+00:00\",\"mainEntityOfPage\":{\"@id\":\"https:\\\/\\\/websites.fraunhofer.de\\\/staedtischeagrikultur\\\/index.php\\\/3-netzwerktreffen-in-bonn-bericht\\\/\"},\"wordCount\":317,\"publisher\":{\"@id\":\"https:\\\/\\\/websites.fraunhofer.de\\\/staedtischeagrikultur\\\/#organization\"},\"image\":{\"@id\":\"https:\\\/\\\/websites.fraunhofer.de\\\/staedtischeagrikultur\\\/index.php\\\/3-netzwerktreffen-in-bonn-bericht\\\/#primaryimage\"},\"thumbnailUrl\":\"https:\\\/\\\/staedtische-agrikultur.de\\\/wp-content\\\/uploads\\\/2018\\\/03\\\/Big-5-for-SAIN_komprimiert.jpg\",\"articleSection\":[\"Bericht\",\"Bonn\",\"Netzwerktreffen\"],\"inLanguage\":\"de\"},{\"@type\":\"WebPage\",\"@id\":\"https:\\\/\\\/websites.fraunhofer.de\\\/staedtischeagrikultur\\\/index.php\\\/3-netzwerktreffen-in-bonn-bericht\\\/\",\"url\":\"https:\\\/\\\/websites.fraunhofer.de\\\/staedtischeagrikultur\\\/index.php\\\/3-netzwerktreffen-in-bonn-bericht\\\/\",\"name\":\"3. Netzwerktreffen in Bonn - St\u00e4dtische Agrikultur\",\"isPartOf\":{\"@id\":\"https:\\\/\\\/websites.fraunhofer.de\\\/staedtischeagrikultur\\\/#website\"},\"primaryImageOfPage\":{\"@id\":\"https:\\\/\\\/websites.fraunhofer.de\\\/staedtischeagrikultur\\\/index.php\\\/3-netzwerktreffen-in-bonn-bericht\\\/#primaryimage\"},\"image\":{\"@id\":\"https:\\\/\\\/websites.fraunhofer.de\\\/staedtischeagrikultur\\\/index.php\\\/3-netzwerktreffen-in-bonn-bericht\\\/#primaryimage\"},\"thumbnailUrl\":\"https:\\\/\\\/staedtische-agrikultur.de\\\/wp-content\\\/uploads\\\/2018\\\/03\\\/Big-5-for-SAIN_komprimiert.jpg\",\"datePublished\":\"2018-02-22T11:58:33+00:00\",\"dateModified\":\"2018-12-05T12:12:00+00:00\",\"breadcrumb\":{\"@id\":\"https:\\\/\\\/websites.fraunhofer.de\\\/staedtischeagrikultur\\\/index.php\\\/3-netzwerktreffen-in-bonn-bericht\\\/#breadcrumb\"},\"inLanguage\":\"de\",\"potentialAction\":[{\"@type\":\"ReadAction\",\"target\":[\"https:\\\/\\\/websites.fraunhofer.de\\\/staedtischeagrikultur\\\/index.php\\\/3-netzwerktreffen-in-bonn-bericht\\\/\"]}]},{\"@type\":\"ImageObject\",\"inLanguage\":\"de\",\"@id\":\"https:\\\/\\\/websites.fraunhofer.de\\\/staedtischeagrikultur\\\/index.php\\\/3-netzwerktreffen-in-bonn-bericht\\\/#primaryimage\",\"url\":\"https:\\\/\\\/staedtische-agrikultur.de\\\/wp-content\\\/uploads\\\/2018\\\/03\\\/Big-5-for-SAIN_komprimiert.jpg\",\"contentUrl\":\"https:\\\/\\\/staedtische-agrikultur.de\\\/wp-content\\\/uploads\\\/2018\\\/03\\\/Big-5-for-SAIN_komprimiert.jpg\",\"width\":768,\"height\":883,\"caption\":\"Foto: WILA Bonn\\\/Andrea Muno-Lindenau\"},{\"@type\":\"BreadcrumbList\",\"@id\":\"https:\\\/\\\/websites.fraunhofer.de\\\/staedtischeagrikultur\\\/index.php\\\/3-netzwerktreffen-in-bonn-bericht\\\/#breadcrumb\",\"itemListElement\":[{\"@type\":\"ListItem\",\"position\":1,\"name\":\"Startseite\",\"item\":\"https:\\\/\\\/websites.fraunhofer.de\\\/staedtischeagrikultur\\\/\"},{\"@type\":\"ListItem\",\"position\":2,\"name\":\"3. Netzwerktreffen in Bonn\"}]},{\"@type\":\"WebSite\",\"@id\":\"https:\\\/\\\/websites.fraunhofer.de\\\/staedtischeagrikultur\\\/#website\",\"url\":\"https:\\\/\\\/websites.fraunhofer.de\\\/staedtischeagrikultur\\\/\",\"name\":\"St\u00e4dtische Agrikultur\",\"description\":\"SAIN\",\"publisher\":{\"@id\":\"https:\\\/\\\/websites.fraunhofer.de\\\/staedtischeagrikultur\\\/#organization\"},\"potentialAction\":[{\"@type\":\"SearchAction\",\"target\":{\"@type\":\"EntryPoint\",\"urlTemplate\":\"https:\\\/\\\/websites.fraunhofer.de\\\/staedtischeagrikultur\\\/?s={search_term_string}\"},\"query-input\":{\"@type\":\"PropertyValueSpecification\",\"valueRequired\":true,\"valueName\":\"search_term_string\"}}],\"inLanguage\":\"de\"},{\"@type\":\"Organization\",\"@id\":\"https:\\\/\\\/websites.fraunhofer.de\\\/staedtischeagrikultur\\\/#organization\",\"name\":\"St\u00e4dtische Agrikultur\",\"url\":\"https:\\\/\\\/websites.fraunhofer.de\\\/staedtischeagrikultur\\\/\",\"logo\":{\"@type\":\"ImageObject\",\"inLanguage\":\"de\",\"@id\":\"https:\\\/\\\/websites.fraunhofer.de\\\/staedtischeagrikultur\\\/#\\\/schema\\\/logo\\\/image\\\/\",\"url\":\"https:\\\/\\\/staedtische-agrikultur.de\\\/wp-content\\\/uploads\\\/2017\\\/10\\\/SAIN-Logo_V4_N-k\u00fcrzer_edit-170831_Fraunhofer-Gr\u00fcn.png\",\"contentUrl\":\"https:\\\/\\\/staedtische-agrikultur.de\\\/wp-content\\\/uploads\\\/2017\\\/10\\\/SAIN-Logo_V4_N-k\u00fcrzer_edit-170831_Fraunhofer-Gr\u00fcn.png\",\"width\":1666,\"height\":1666,\"caption\":\"St\u00e4dtische Agrikultur\"},\"image\":{\"@id\":\"https:\\\/\\\/websites.fraunhofer.de\\\/staedtischeagrikultur\\\/#\\\/schema\\\/logo\\\/image\\\/\"},\"sameAs\":[\"https:\\\/\\\/www.facebook.com\\\/SAINagrikultur\\\/\",\"https:\\\/\\\/www.youtube.com\\\/channel\\\/UCeFQ74xB7C6-DHKwI1k9E3Q\"]},{\"@type\":\"Person\",\"@id\":\"https:\\\/\\\/websites.fraunhofer.de\\\/staedtischeagrikultur\\\/#\\\/schema\\\/person\\\/5b7a66c242b6b973dec8de1bc035adbc\",\"name\":\"Simone Krause\",\"image\":{\"@type\":\"ImageObject\",\"inLanguage\":\"de\",\"@id\":\"https:\\\/\\\/secure.gravatar.com\\\/avatar\\\/0546ebc44bf0b0b6b12c915888d5ec5d412cef0ff227428a61e0db1b146728a0?s=96&d=mm&r=g\",\"url\":\"https:\\\/\\\/secure.gravatar.com\\\/avatar\\\/0546ebc44bf0b0b6b12c915888d5ec5d412cef0ff227428a61e0db1b146728a0?s=96&d=mm&r=g\",\"contentUrl\":\"https:\\\/\\\/secure.gravatar.com\\\/avatar\\\/0546ebc44bf0b0b6b12c915888d5ec5d412cef0ff227428a61e0db1b146728a0?s=96&d=mm&r=g\",\"caption\":\"Simone Krause\"},\"url\":\"https:\\\/\\\/staedtische-agrikultur.de\\\/index.php\\\/author\\\/krsi\\\/\"}]}<\/script>\n<!-- \/ Yoast SEO plugin. -->","yoast_head_json":{"title":"3. Netzwerktreffen in Bonn - St\u00e4dtische Agrikultur","robots":{"index":"index","follow":"follow","max-snippet":"max-snippet:-1","max-image-preview":"max-image-preview:large","max-video-preview":"max-video-preview:-1"},"canonical":"https:\/\/websites.fraunhofer.de\/staedtischeagrikultur\/index.php\/3-netzwerktreffen-in-bonn-bericht\/","og_locale":"de_DE","og_type":"article","og_title":"3. Netzwerktreffen in Bonn - St\u00e4dtische Agrikultur","og_description":"Das 3. Treffen der SAIN-Akteur*innen in Bonn Foto: WILA Bonn\/Andrea Muno-Lindenau &nbsp; W\u00e4hrend des Bonner Netzwerktreffens am 20. Februar 2018 ist eine Visionscollage (siehe Beitragsbild) erstellt worden. Die Akteur*innen haben gemeinsam die \"Big 5\", die f\u00fcnf wichtigsten Dinge, die sie in den n\u00e4chsten zwei Jahren und dar\u00fcber hinaus tun, sehen oder erleben wollen, benannt. Anschlie\u00dfend [&hellip;]","og_url":"https:\/\/websites.fraunhofer.de\/staedtischeagrikultur\/index.php\/3-netzwerktreffen-in-bonn-bericht\/","og_site_name":"St\u00e4dtische Agrikultur","article_publisher":"https:\/\/www.facebook.com\/SAINagrikultur\/","article_published_time":"2018-02-22T11:58:33+00:00","article_modified_time":"2018-12-05T12:12:00+00:00","og_image":[{"width":768,"height":883,"url":"https:\/\/websites.fraunhofer.de\/staedtischeagrikultur\/wp-content\/uploads\/2018\/03\/Big-5-for-SAIN_komprimiert.jpg","type":"image\/jpeg"}],"author":"Simone Krause","twitter_card":"summary_large_image","twitter_misc":{"Verfasst von":"Simone Krause","Gesch\u00e4tzte Lesezeit":"2\u00a0Minuten"},"schema":{"@context":"https:\/\/schema.org","@graph":[{"@type":"Article","@id":"https:\/\/websites.fraunhofer.de\/staedtischeagrikultur\/index.php\/3-netzwerktreffen-in-bonn-bericht\/#article","isPartOf":{"@id":"https:\/\/websites.fraunhofer.de\/staedtischeagrikultur\/index.php\/3-netzwerktreffen-in-bonn-bericht\/"},"author":{"name":"Simone Krause","@id":"https:\/\/websites.fraunhofer.de\/staedtischeagrikultur\/#\/schema\/person\/5b7a66c242b6b973dec8de1bc035adbc"},"headline":"3. Netzwerktreffen in Bonn","datePublished":"2018-02-22T11:58:33+00:00","dateModified":"2018-12-05T12:12:00+00:00","mainEntityOfPage":{"@id":"https:\/\/websites.fraunhofer.de\/staedtischeagrikultur\/index.php\/3-netzwerktreffen-in-bonn-bericht\/"},"wordCount":317,"publisher":{"@id":"https:\/\/websites.fraunhofer.de\/staedtischeagrikultur\/#organization"},"image":{"@id":"https:\/\/websites.fraunhofer.de\/staedtischeagrikultur\/index.php\/3-netzwerktreffen-in-bonn-bericht\/#primaryimage"},"thumbnailUrl":"https:\/\/staedtische-agrikultur.de\/wp-content\/uploads\/2018\/03\/Big-5-for-SAIN_komprimiert.jpg","articleSection":["Bericht","Bonn","Netzwerktreffen"],"inLanguage":"de"},{"@type":"WebPage","@id":"https:\/\/websites.fraunhofer.de\/staedtischeagrikultur\/index.php\/3-netzwerktreffen-in-bonn-bericht\/","url":"https:\/\/websites.fraunhofer.de\/staedtischeagrikultur\/index.php\/3-netzwerktreffen-in-bonn-bericht\/","name":"3. Netzwerktreffen in Bonn - St\u00e4dtische Agrikultur","isPartOf":{"@id":"https:\/\/websites.fraunhofer.de\/staedtischeagrikultur\/#website"},"primaryImageOfPage":{"@id":"https:\/\/websites.fraunhofer.de\/staedtischeagrikultur\/index.php\/3-netzwerktreffen-in-bonn-bericht\/#primaryimage"},"image":{"@id":"https:\/\/websites.fraunhofer.de\/staedtischeagrikultur\/index.php\/3-netzwerktreffen-in-bonn-bericht\/#primaryimage"},"thumbnailUrl":"https:\/\/staedtische-agrikultur.de\/wp-content\/uploads\/2018\/03\/Big-5-for-SAIN_komprimiert.jpg","datePublished":"2018-02-22T11:58:33+00:00","dateModified":"2018-12-05T12:12:00+00:00","breadcrumb":{"@id":"https:\/\/websites.fraunhofer.de\/staedtischeagrikultur\/index.php\/3-netzwerktreffen-in-bonn-bericht\/#breadcrumb"},"inLanguage":"de","potentialAction":[{"@type":"ReadAction","target":["https:\/\/websites.fraunhofer.de\/staedtischeagrikultur\/index.php\/3-netzwerktreffen-in-bonn-bericht\/"]}]},{"@type":"ImageObject","inLanguage":"de","@id":"https:\/\/websites.fraunhofer.de\/staedtischeagrikultur\/index.php\/3-netzwerktreffen-in-bonn-bericht\/#primaryimage","url":"https:\/\/staedtische-agrikultur.de\/wp-content\/uploads\/2018\/03\/Big-5-for-SAIN_komprimiert.jpg","contentUrl":"https:\/\/staedtische-agrikultur.de\/wp-content\/uploads\/2018\/03\/Big-5-for-SAIN_komprimiert.jpg","width":768,"height":883,"caption":"Foto: WILA Bonn\/Andrea Muno-Lindenau"},{"@type":"BreadcrumbList","@id":"https:\/\/websites.fraunhofer.de\/staedtischeagrikultur\/index.php\/3-netzwerktreffen-in-bonn-bericht\/#breadcrumb","itemListElement":[{"@type":"ListItem","position":1,"name":"Startseite","item":"https:\/\/websites.fraunhofer.de\/staedtischeagrikultur\/"},{"@type":"ListItem","position":2,"name":"3. Netzwerktreffen in Bonn"}]},{"@type":"WebSite","@id":"https:\/\/websites.fraunhofer.de\/staedtischeagrikultur\/#website","url":"https:\/\/websites.fraunhofer.de\/staedtischeagrikultur\/","name":"St\u00e4dtische Agrikultur","description":"SAIN","publisher":{"@id":"https:\/\/websites.fraunhofer.de\/staedtischeagrikultur\/#organization"},"potentialAction":[{"@type":"SearchAction","target":{"@type":"EntryPoint","urlTemplate":"https:\/\/websites.fraunhofer.de\/staedtischeagrikultur\/?s={search_term_string}"},"query-input":{"@type":"PropertyValueSpecification","valueRequired":true,"valueName":"search_term_string"}}],"inLanguage":"de"},{"@type":"Organization","@id":"https:\/\/websites.fraunhofer.de\/staedtischeagrikultur\/#organization","name":"St\u00e4dtische Agrikultur","url":"https:\/\/websites.fraunhofer.de\/staedtischeagrikultur\/","logo":{"@type":"ImageObject","inLanguage":"de","@id":"https:\/\/websites.fraunhofer.de\/staedtischeagrikultur\/#\/schema\/logo\/image\/","url":"https:\/\/staedtische-agrikultur.de\/wp-content\/uploads\/2017\/10\/SAIN-Logo_V4_N-k\u00fcrzer_edit-170831_Fraunhofer-Gr\u00fcn.png","contentUrl":"https:\/\/staedtische-agrikultur.de\/wp-content\/uploads\/2017\/10\/SAIN-Logo_V4_N-k\u00fcrzer_edit-170831_Fraunhofer-Gr\u00fcn.png","width":1666,"height":1666,"caption":"St\u00e4dtische Agrikultur"},"image":{"@id":"https:\/\/websites.fraunhofer.de\/staedtischeagrikultur\/#\/schema\/logo\/image\/"},"sameAs":["https:\/\/www.facebook.com\/SAINagrikultur\/","https:\/\/www.youtube.com\/channel\/UCeFQ74xB7C6-DHKwI1k9E3Q"]},{"@type":"Person","@id":"https:\/\/websites.fraunhofer.de\/staedtischeagrikultur\/#\/schema\/person\/5b7a66c242b6b973dec8de1bc035adbc","name":"Simone Krause","image":{"@type":"ImageObject","inLanguage":"de","@id":"https:\/\/secure.gravatar.com\/avatar\/0546ebc44bf0b0b6b12c915888d5ec5d412cef0ff227428a61e0db1b146728a0?s=96&d=mm&r=g","url":"https:\/\/secure.gravatar.com\/avatar\/0546ebc44bf0b0b6b12c915888d5ec5d412cef0ff227428a61e0db1b146728a0?s=96&d=mm&r=g","contentUrl":"https:\/\/secure.gravatar.com\/avatar\/0546ebc44bf0b0b6b12c915888d5ec5d412cef0ff227428a61e0db1b146728a0?s=96&d=mm&r=g","caption":"Simone Krause"},"url":"https:\/\/staedtische-agrikultur.de\/index.php\/author\/krsi\/"}]}},"_links":{"self":[{"href":"https:\/\/staedtische-agrikultur.de\/index.php\/wp-json\/wp\/v2\/posts\/3115","targetHints":{"allow":["GET"]}}],"collection":[{"href":"https:\/\/staedtische-agrikultur.de\/index.php\/wp-json\/wp\/v2\/posts"}],"about":[{"href":"https:\/\/staedtische-agrikultur.de\/index.php\/wp-json\/wp\/v2\/types\/post"}],"author":[{"embeddable":true,"href":"https:\/\/staedtische-agrikultur.de\/index.php\/wp-json\/wp\/v2\/users\/2"}],"replies":[{"embeddable":true,"href":"https:\/\/staedtische-agrikultur.de\/index.php\/wp-json\/wp\/v2\/comments?post=3115"}],"version-history":[{"count":0,"href":"https:\/\/staedtische-agrikultur.de\/index.php\/wp-json\/wp\/v2\/posts\/3115\/revisions"}],"wp:featuredmedia":[{"embeddable":true,"href":"https:\/\/staedtische-agrikultur.de\/index.php\/wp-json\/wp\/v2\/media\/3116"}],"wp:attachment":[{"href":"https:\/\/staedtische-agrikultur.de\/index.php\/wp-json\/wp\/v2\/media?parent=3115"}],"wp:term":[{"taxonomy":"category","embeddable":true,"href":"https:\/\/staedtische-agrikultur.de\/index.php\/wp-json\/wp\/v2\/categories?post=3115"},{"taxonomy":"post_tag","embeddable":true,"href":"https:\/\/staedtische-agrikultur.de\/index.php\/wp-json\/wp\/v2\/tags?post=3115"}],"curies":[{"name":"wp","href":"https:\/\/api.w.org\/{rel}","templated":true}]}}